{"id":501,"date":"2016-12-02T00:15:50","date_gmt":"2016-12-01T23:15:50","guid":{"rendered":"https:\/\/solo-musica.de\/?p=501"},"modified":"2016-12-02T00:15:50","modified_gmt":"2016-12-01T23:15:50","slug":"margarita-hoehenrieder-kammerharmonie-der-saechsischen-staatskapelle-dresden-thuille-poulenc-francaix-sextets","status":"publish","type":"post","link":"https:\/\/solo-musica.de\/en\/margarita-hoehenrieder-kammerharmonie-der-saechsischen-staatskapelle-dresden-thuille-poulenc-francaix-sextets\/","title":{"rendered":"Margarita H\u00f6henrieder &#8211; Thuille, Poulenc, Fran\u00e7aix Sextets"},"content":{"rendered":"<div class=\"topmenue\"><\/div>\n<div id=\"showcd_data\">\n<div class=\"cd_item\">\n<h2><img loading=\"lazy\" decoding=\"async\" class=\"size-medium wp-image-506 alignleft\" src=\"https:\/\/solo-musica.de\/wp-content\/uploads\/2016\/12\/Hoehenrieder-Thuille-300x300.jpg\" alt=\"\" width=\"300\" height=\"300\" \/>Artists: <a href=\"https:\/\/solo-musica.de\/en\/margarita-hoehenrieder\/\">Margarita H\u00f6henrieder<\/a>, <a href=\"https:\/\/solo-musica.de\/en\/kammerharmonie-der-saechsischen-staatskapelle-dresden\/\">Kammerharmonie der S\u00e4chsischen Staatskapelle Dresden<\/a><\/h2>\n<\/div>\n<div class=\"cd_item\">\n<h2>Title: Thuille, Poulenc, Fran\u00e7aix Sextets<\/h2>\n<\/div>\n<div class=\"cd_item\">\n<h2>Catalogue No.: SM 251<\/h2>\n<\/div>\n<div class=\"cd_item\">\n<h2>Release: 02.12.2016<\/h2>\n<\/div>\n<\/div>\n<div id=\"showcd_cover\">\n<div><\/div>\n<div><\/div>\n<div class=\"buy\"><a href=\"https:\/\/www.amazon.de\/Thuille-Poulenc-Francaix-H%C3%B6henrieder-Margarita\/dp\/B01M6A24KQ\/ref=sr_1_6?s=music&#038;ie=UTF8&#038;qid=1481824549&#038;sr=1-6&#038;keywords=margarita+h%C3%B6henrieder\" target=\"_blank\" rel=\"noopener\"><img loading=\"lazy\" decoding=\"async\" class=\"alignnone wp-image-2537 size-full\" src=\"https:\/\/solo-musica.de\/wp-content\/uploads\/2018\/03\/buy_eng.jpg\" alt=\"\" width=\"270\" height=\"50\" \/><\/a><\/div>\n<\/div>\n<div id=\"showcd_description\">\n<div class=\"dotted_bottom\">\n<div style=\"clear: both;\">\n<h2>Description<\/h2>\n<\/div>\n<div>\n<p>Her artistic career has led her to many of the world\u2019s major music centers. Margarita H\u00f6henrieder has played many concerts as soloist with conductors like Kirill Petrenko, Claudio Abbado, Lorin Maazel, James Levine, Riccardo Chailly, and Fabio Luisi, and with such orchestras as the Bavarian Radio Symphony Orchestra, the Munich Philharmonic, the New York Philharmonic, the Staatskapelle Dresden, the Gewandhaus Orchestra in Leipzig, the Salzburg Mozarteum Orchestra and the Mahler Chamber Orchestra.<\/p>\n<p>She has been a friend of Harald Genzmer for many years. Among other works, he dedicated the Concerto for Piano, Trumpet and Strings to her, which she premiered together with Guy Touvron and the W\u00fcrttemberg Chamber Orchestra Heilbronn. Genzmer composed his last major work for Margarita H\u00f6henrieder, \u201cWie ein Traum am Rande der Unendlichkeit\u201d (\u201cLike a Dream on the Edge of Infinity\u201d) for piano and flute. In 2009, she played the premiere of the work with Emmanuel Pahud in Rome. (Solo Musica CD SM159)<\/p>\n<p>In September 2014, she had a reunion with her former teacher Leon Fleisher as conductor in a performance of Beethoven\u2019s Piano Concerto No. 2 at the Zollverein world heritage site in Essen.<br \/>\nMargarita H\u00f6henrieder and the Bl\u00e4sersolisten der Staatskapelle Dresden give regularly concerts and are producing recordings together.<\/p>\n<\/div>\n<\/div>\n<div>\n<div class=\"dotted_bottom\">\n<h2>Tracklist<\/h2>\n<\/div>\n<\/div>\n","protected":false},"excerpt":{"rendered":"<p>Artists: Margarita H\u00f6henrieder, Kammerharmonie der S\u00e4chsischen Staatskapelle Dresden Title: Thuille, Poulenc, Fran\u00e7aix Sextets Catalogue No.: SM 251 Release: 02.12.2016 Description Her artistic career has led her to many of the world\u2019s major music centers. Margarita H\u00f6henrieder has played many concerts as soloist with conductors like Kirill Petrenko, Claudio Abbado, Lorin Maazel, James Levine, Riccardo Chailly, [&hellip;]<\/p>\n","protected":false},"author":1,"featured_media":506,"comment_status":"closed","ping_status":"closed","sticky":false,"template":"","format":"image","meta":{"footnotes":""},"categories":[15,11],"tags":[],"class_list":["post-501","post","type-post","status-publish","format-image","has-post-thumbnail","hentry","category-hoehenrieder","category-solo-musica","post_format-post-format-image"],"translation":{"provider":"WPGlobus","version":"3.0.2","language":"en","enabled_languages":["de","en"],"languages":{"de":{"title":true,"content":true,"excerpt":false},"en":{"title":true,"content":true,"excerpt":false}}},"yoast_head":"<!-- This site is optimized with the Yoast SEO plugin v27.5 - https:\/\/yoast.com\/product\/yoast-seo-wordpress\/ -->\n<title>Margarita H\u00f6henrieder - Thuille, Poulenc, Fran\u00e7aix Sextets - Deutsch<\/title>\n<meta name=\"robots\" content=\"index, follow, max-snippet:-1, max-image-preview:large, max-video-preview:-1\" \/>\n<link rel=\"canonical\" href=\"https:\/\/solo-musica.de\/margarita-hoehenrieder-kammerharmonie-der-saechsischen-staatskapelle-dresden-thuille-poulenc-francaix-sextets\/\" \/>\n<meta property=\"og:locale\" content=\"en_US\" \/>\n<meta property=\"og:type\" content=\"article\" \/>\n<meta property=\"og:title\" content=\"Margarita H\u00f6henrieder - Thuille, Poulenc, Fran\u00e7aix Sextets - Deutsch\" \/>\n<meta property=\"og:url\" content=\"https:\/\/solo-musica.de\/margarita-hoehenrieder-kammerharmonie-der-saechsischen-staatskapelle-dresden-thuille-poulenc-francaix-sextets\/\" \/>\n<meta property=\"og:site_name\" content=\"Deutsch\" \/>\n<meta property=\"article:published_time\" content=\"2016-12-01T23:15:50+00:00\" \/>\n<meta property=\"og:image\" content=\"https:\/\/solo-musica.de\/wp-content\/uploads\/2016\/12\/Hoehenrieder-Thuille-1.jpg\" \/>\n\t<meta property=\"og:image:width\" content=\"1000\" \/>\n\t<meta property=\"og:image:height\" content=\"1000\" \/>\n\t<meta property=\"og:image:type\" content=\"image\/jpeg\" \/>\n<meta name=\"author\" content=\"Solo Musica\" \/>\n<meta name=\"twitter:card\" content=\"summary_large_image\" \/>\n<meta name=\"twitter:label1\" content=\"Written by\" \/>\n\t<meta name=\"twitter:data1\" content=\"Solo Musica\" \/>\n\t<meta name=\"twitter:label2\" content=\"Est. reading time\" \/>\n\t<meta name=\"twitter:data2\" content=\"3 minutes\" \/>\n<script type=\"application\/ld+json\" class=\"yoast-schema-graph\">{\"@context\":\"https:\\\/\\\/schema.org\",\"@graph\":[{\"@type\":\"Article\",\"@id\":\"https:\\\/\\\/solo-musica.de\\\/margarita-hoehenrieder-kammerharmonie-der-saechsischen-staatskapelle-dresden-thuille-poulenc-francaix-sextets\\\/#article\",\"isPartOf\":{\"@id\":\"https:\\\/\\\/solo-musica.de\\\/margarita-hoehenrieder-kammerharmonie-der-saechsischen-staatskapelle-dresden-thuille-poulenc-francaix-sextets\\\/\"},\"author\":{\"name\":\"Solo Musica\",\"@id\":\"https:\\\/\\\/solo-musica.de\\\/#\\\/schema\\\/person\\\/cd4b9a18e91239c483d3175e57608de2\"},\"headline\":\"Margarita H\u00f6henrieder &#8211; Thuille, Poulenc, Fran\u00e7aix Sextets\",\"datePublished\":\"2016-12-01T23:15:50+00:00\",\"mainEntityOfPage\":{\"@id\":\"https:\\\/\\\/solo-musica.de\\\/margarita-hoehenrieder-kammerharmonie-der-saechsischen-staatskapelle-dresden-thuille-poulenc-francaix-sextets\\\/\"},\"wordCount\":553,\"publisher\":{\"@id\":\"https:\\\/\\\/solo-musica.de\\\/#organization\"},\"image\":{\"@id\":\"https:\\\/\\\/solo-musica.de\\\/margarita-hoehenrieder-kammerharmonie-der-saechsischen-staatskapelle-dresden-thuille-poulenc-francaix-sextets\\\/#primaryimage\"},\"thumbnailUrl\":\"https:\\\/\\\/solo-musica.de\\\/wp-content\\\/uploads\\\/2016\\\/12\\\/Hoehenrieder-Thuille-1.jpg\",\"articleSection\":[\"Hoehenrieder\",\"Solo Musica\"],\"inLanguage\":\"en-US\"},{\"@type\":\"WebPage\",\"@id\":\"https:\\\/\\\/solo-musica.de\\\/margarita-hoehenrieder-kammerharmonie-der-saechsischen-staatskapelle-dresden-thuille-poulenc-francaix-sextets\\\/\",\"url\":\"https:\\\/\\\/solo-musica.de\\\/margarita-hoehenrieder-kammerharmonie-der-saechsischen-staatskapelle-dresden-thuille-poulenc-francaix-sextets\\\/\",\"name\":\"Margarita H\u00f6henrieder - Thuille, Poulenc, Fran\u00e7aix Sextets - Deutsch\",\"isPartOf\":{\"@id\":\"https:\\\/\\\/solo-musica.de\\\/#website\"},\"primaryImageOfPage\":{\"@id\":\"https:\\\/\\\/solo-musica.de\\\/margarita-hoehenrieder-kammerharmonie-der-saechsischen-staatskapelle-dresden-thuille-poulenc-francaix-sextets\\\/#primaryimage\"},\"image\":{\"@id\":\"https:\\\/\\\/solo-musica.de\\\/margarita-hoehenrieder-kammerharmonie-der-saechsischen-staatskapelle-dresden-thuille-poulenc-francaix-sextets\\\/#primaryimage\"},\"thumbnailUrl\":\"https:\\\/\\\/solo-musica.de\\\/wp-content\\\/uploads\\\/2016\\\/12\\\/Hoehenrieder-Thuille-1.jpg\",\"datePublished\":\"2016-12-01T23:15:50+00:00\",\"breadcrumb\":{\"@id\":\"https:\\\/\\\/solo-musica.de\\\/margarita-hoehenrieder-kammerharmonie-der-saechsischen-staatskapelle-dresden-thuille-poulenc-francaix-sextets\\\/#breadcrumb\"},\"inLanguage\":\"en-US\",\"potentialAction\":[{\"@type\":\"ReadAction\",\"target\":[\"https:\\\/\\\/solo-musica.de\\\/margarita-hoehenrieder-kammerharmonie-der-saechsischen-staatskapelle-dresden-thuille-poulenc-francaix-sextets\\\/\"]}]},{\"@type\":\"ImageObject\",\"inLanguage\":\"en-US\",\"@id\":\"https:\\\/\\\/solo-musica.de\\\/margarita-hoehenrieder-kammerharmonie-der-saechsischen-staatskapelle-dresden-thuille-poulenc-francaix-sextets\\\/#primaryimage\",\"url\":\"https:\\\/\\\/solo-musica.de\\\/wp-content\\\/uploads\\\/2016\\\/12\\\/Hoehenrieder-Thuille-1.jpg\",\"contentUrl\":\"https:\\\/\\\/solo-musica.de\\\/wp-content\\\/uploads\\\/2016\\\/12\\\/Hoehenrieder-Thuille-1.jpg\",\"width\":1000,\"height\":1000},{\"@type\":\"BreadcrumbList\",\"@id\":\"https:\\\/\\\/solo-musica.de\\\/margarita-hoehenrieder-kammerharmonie-der-saechsischen-staatskapelle-dresden-thuille-poulenc-francaix-sextets\\\/#breadcrumb\",\"itemListElement\":[{\"@type\":\"ListItem\",\"position\":1,\"name\":\"Startseite\",\"item\":\"https:\\\/\\\/solo-musica.de\\\/\"},{\"@type\":\"ListItem\",\"position\":2,\"name\":\"Margarita H\u00f6henrieder &#8211; Thuille, Poulenc, Fran\u00e7aix Sextets\"}]},{\"@type\":\"WebSite\",\"@id\":\"https:\\\/\\\/solo-musica.de\\\/#website\",\"url\":\"https:\\\/\\\/solo-musica.de\\\/\",\"name\":\"Deutsch\",\"description\":\"ARTIST FIRST!\",\"publisher\":{\"@id\":\"https:\\\/\\\/solo-musica.de\\\/#organization\"},\"potentialAction\":[{\"@type\":\"SearchAction\",\"target\":{\"@type\":\"EntryPoint\",\"urlTemplate\":\"https:\\\/\\\/solo-musica.de\\\/?s={search_term_string}\"},\"query-input\":{\"@type\":\"PropertyValueSpecification\",\"valueRequired\":true,\"valueName\":\"search_term_string\"}}],\"inLanguage\":\"en-US\"},{\"@type\":\"Organization\",\"@id\":\"https:\\\/\\\/solo-musica.de\\\/#organization\",\"name\":\"Deutsch\",\"url\":\"https:\\\/\\\/solo-musica.de\\\/\",\"logo\":{\"@type\":\"ImageObject\",\"inLanguage\":\"en-US\",\"@id\":\"https:\\\/\\\/solo-musica.de\\\/#\\\/schema\\\/logo\\\/image\\\/\",\"url\":\"https:\\\/\\\/solo-musica.de\\\/wp-content\\\/uploads\\\/2020\\\/12\\\/logo-180.png\",\"contentUrl\":\"https:\\\/\\\/solo-musica.de\\\/wp-content\\\/uploads\\\/2020\\\/12\\\/logo-180.png\",\"width\":180,\"height\":180,\"caption\":\"Deutsch\"},\"image\":{\"@id\":\"https:\\\/\\\/solo-musica.de\\\/#\\\/schema\\\/logo\\\/image\\\/\"}},{\"@type\":\"Person\",\"@id\":\"https:\\\/\\\/solo-musica.de\\\/#\\\/schema\\\/person\\\/cd4b9a18e91239c483d3175e57608de2\",\"name\":\"Solo Musica\",\"sameAs\":[\"https:\\\/\\\/test.solo-musica.de\\\/pro\"]}]}<\/script>\n<!-- \/ Yoast SEO plugin. -->","yoast_head_json":{"title":"Margarita H\u00f6henrieder - Thuille, Poulenc, Fran\u00e7aix Sextets - Deutsch","robots":{"index":"index","follow":"follow","max-snippet":"max-snippet:-1","max-image-preview":"max-image-preview:large","max-video-preview":"max-video-preview:-1"},"canonical":"https:\/\/solo-musica.de\/margarita-hoehenrieder-kammerharmonie-der-saechsischen-staatskapelle-dresden-thuille-poulenc-francaix-sextets\/","og_locale":"en_US","og_type":"article","og_title":"Margarita H\u00f6henrieder - Thuille, Poulenc, Fran\u00e7aix Sextets - Deutsch","og_url":"https:\/\/solo-musica.de\/margarita-hoehenrieder-kammerharmonie-der-saechsischen-staatskapelle-dresden-thuille-poulenc-francaix-sextets\/","og_site_name":"Deutsch","article_published_time":"2016-12-01T23:15:50+00:00","og_image":[{"width":1000,"height":1000,"url":"https:\/\/solo-musica.de\/wp-content\/uploads\/2016\/12\/Hoehenrieder-Thuille-1.jpg","type":"image\/jpeg"}],"author":"Solo Musica","twitter_card":"summary_large_image","twitter_misc":{"Written by":"Solo Musica","Est. reading time":"3 minutes"},"schema":{"@context":"https:\/\/schema.org","@graph":[{"@type":"Article","@id":"https:\/\/solo-musica.de\/margarita-hoehenrieder-kammerharmonie-der-saechsischen-staatskapelle-dresden-thuille-poulenc-francaix-sextets\/#article","isPartOf":{"@id":"https:\/\/solo-musica.de\/margarita-hoehenrieder-kammerharmonie-der-saechsischen-staatskapelle-dresden-thuille-poulenc-francaix-sextets\/"},"author":{"name":"Solo Musica","@id":"https:\/\/solo-musica.de\/#\/schema\/person\/cd4b9a18e91239c483d3175e57608de2"},"headline":"Margarita H\u00f6henrieder &#8211; Thuille, Poulenc, Fran\u00e7aix Sextets","datePublished":"2016-12-01T23:15:50+00:00","mainEntityOfPage":{"@id":"https:\/\/solo-musica.de\/margarita-hoehenrieder-kammerharmonie-der-saechsischen-staatskapelle-dresden-thuille-poulenc-francaix-sextets\/"},"wordCount":553,"publisher":{"@id":"https:\/\/solo-musica.de\/#organization"},"image":{"@id":"https:\/\/solo-musica.de\/margarita-hoehenrieder-kammerharmonie-der-saechsischen-staatskapelle-dresden-thuille-poulenc-francaix-sextets\/#primaryimage"},"thumbnailUrl":"https:\/\/solo-musica.de\/wp-content\/uploads\/2016\/12\/Hoehenrieder-Thuille-1.jpg","articleSection":["Hoehenrieder","Solo Musica"],"inLanguage":"en-US"},{"@type":"WebPage","@id":"https:\/\/solo-musica.de\/margarita-hoehenrieder-kammerharmonie-der-saechsischen-staatskapelle-dresden-thuille-poulenc-francaix-sextets\/","url":"https:\/\/solo-musica.de\/margarita-hoehenrieder-kammerharmonie-der-saechsischen-staatskapelle-dresden-thuille-poulenc-francaix-sextets\/","name":"Margarita H\u00f6henrieder - Thuille, Poulenc, Fran\u00e7aix Sextets - Deutsch","isPartOf":{"@id":"https:\/\/solo-musica.de\/#website"},"primaryImageOfPage":{"@id":"https:\/\/solo-musica.de\/margarita-hoehenrieder-kammerharmonie-der-saechsischen-staatskapelle-dresden-thuille-poulenc-francaix-sextets\/#primaryimage"},"image":{"@id":"https:\/\/solo-musica.de\/margarita-hoehenrieder-kammerharmonie-der-saechsischen-staatskapelle-dresden-thuille-poulenc-francaix-sextets\/#primaryimage"},"thumbnailUrl":"https:\/\/solo-musica.de\/wp-content\/uploads\/2016\/12\/Hoehenrieder-Thuille-1.jpg","datePublished":"2016-12-01T23:15:50+00:00","breadcrumb":{"@id":"https:\/\/solo-musica.de\/margarita-hoehenrieder-kammerharmonie-der-saechsischen-staatskapelle-dresden-thuille-poulenc-francaix-sextets\/#breadcrumb"},"inLanguage":"en-US","potentialAction":[{"@type":"ReadAction","target":["https:\/\/solo-musica.de\/margarita-hoehenrieder-kammerharmonie-der-saechsischen-staatskapelle-dresden-thuille-poulenc-francaix-sextets\/"]}]},{"@type":"ImageObject","inLanguage":"en-US","@id":"https:\/\/solo-musica.de\/margarita-hoehenrieder-kammerharmonie-der-saechsischen-staatskapelle-dresden-thuille-poulenc-francaix-sextets\/#primaryimage","url":"https:\/\/solo-musica.de\/wp-content\/uploads\/2016\/12\/Hoehenrieder-Thuille-1.jpg","contentUrl":"https:\/\/solo-musica.de\/wp-content\/uploads\/2016\/12\/Hoehenrieder-Thuille-1.jpg","width":1000,"height":1000},{"@type":"BreadcrumbList","@id":"https:\/\/solo-musica.de\/margarita-hoehenrieder-kammerharmonie-der-saechsischen-staatskapelle-dresden-thuille-poulenc-francaix-sextets\/#breadcrumb","itemListElement":[{"@type":"ListItem","position":1,"name":"Startseite","item":"https:\/\/solo-musica.de\/"},{"@type":"ListItem","position":2,"name":"Margarita H\u00f6henrieder &#8211; Thuille, Poulenc, Fran\u00e7aix Sextets"}]},{"@type":"WebSite","@id":"https:\/\/solo-musica.de\/#website","url":"https:\/\/solo-musica.de\/","name":"Deutsch","description":"ARTIST FIRST!","publisher":{"@id":"https:\/\/solo-musica.de\/#organization"},"potentialAction":[{"@type":"SearchAction","target":{"@type":"EntryPoint","urlTemplate":"https:\/\/solo-musica.de\/?s={search_term_string}"},"query-input":{"@type":"PropertyValueSpecification","valueRequired":true,"valueName":"search_term_string"}}],"inLanguage":"en-US"},{"@type":"Organization","@id":"https:\/\/solo-musica.de\/#organization","name":"Deutsch","url":"https:\/\/solo-musica.de\/","logo":{"@type":"ImageObject","inLanguage":"en-US","@id":"https:\/\/solo-musica.de\/#\/schema\/logo\/image\/","url":"https:\/\/solo-musica.de\/wp-content\/uploads\/2020\/12\/logo-180.png","contentUrl":"https:\/\/solo-musica.de\/wp-content\/uploads\/2020\/12\/logo-180.png","width":180,"height":180,"caption":"Deutsch"},"image":{"@id":"https:\/\/solo-musica.de\/#\/schema\/logo\/image\/"}},{"@type":"Person","@id":"https:\/\/solo-musica.de\/#\/schema\/person\/cd4b9a18e91239c483d3175e57608de2","name":"Solo Musica","sameAs":["https:\/\/test.solo-musica.de\/pro"]}]}},"_links":{"self":[{"href":"https:\/\/solo-musica.de\/en\/wp-json\/wp\/v2\/posts\/501","targetHints":{"allow":["GET"]}}],"collection":[{"href":"https:\/\/solo-musica.de\/en\/wp-json\/wp\/v2\/posts"}],"about":[{"href":"https:\/\/solo-musica.de\/en\/wp-json\/wp\/v2\/types\/post"}],"author":[{"embeddable":true,"href":"https:\/\/solo-musica.de\/en\/wp-json\/wp\/v2\/users\/1"}],"replies":[{"embeddable":true,"href":"https:\/\/solo-musica.de\/en\/wp-json\/wp\/v2\/comments?post=501"}],"version-history":[{"count":0,"href":"https:\/\/solo-musica.de\/en\/wp-json\/wp\/v2\/posts\/501\/revisions"}],"wp:featuredmedia":[{"embeddable":true,"href":"https:\/\/solo-musica.de\/en\/wp-json\/wp\/v2\/media\/506"}],"wp:attachment":[{"href":"https:\/\/solo-musica.de\/en\/wp-json\/wp\/v2\/media?parent=501"}],"wp:term":[{"taxonomy":"category","embeddable":true,"href":"https:\/\/solo-musica.de\/en\/wp-json\/wp\/v2\/categories?post=501"},{"taxonomy":"post_tag","embeddable":true,"href":"https:\/\/solo-musica.de\/en\/wp-json\/wp\/v2\/tags?post=501"}],"curies":[{"name":"wp","href":"https:\/\/api.w.org\/{rel}","templated":true}]}}