{"id":22530,"date":"2026-08-31T19:00:42","date_gmt":"2026-08-31T17:00:42","guid":{"rendered":"https:\/\/solo-musica.de\/?p=22530"},"modified":"2026-08-31T19:05:27","modified_gmt":"2026-08-31T17:05:27","slug":"marie-sophie-pollak","status":"publish","type":"post","link":"https:\/\/solo-musica.de\/en\/marie-sophie-pollak\/","title":{"rendered":"Marie-Sophie Pollak"},"content":{"rendered":"<p><img loading=\"lazy\" decoding=\"async\" class=\"alignleft size-medium wp-image-22533\" src=\"https:\/\/solo-musica.de\/wp-content\/uploads\/2026\/08\/pollack-300x286.jpg\" alt=\"\" width=\"300\" height=\"286\" srcset=\"https:\/\/solo-musica.de\/wp-content\/uploads\/2026\/08\/pollack-300x286.jpg 300w, https:\/\/solo-musica.de\/wp-content\/uploads\/2026\/08\/pollack.jpg 443w\" sizes=\"(max-width: 300px) 100vw, 300px\" \/>Die Sopranistin Marie-Sophie Pollak, geboren in Bietigheim-Bissingen, studierte an der Hochschule f\u00fcr Musik und Theater M\u00fcnchen bei Prof. Gabriele Fuchs und schloss ihr Diplom mit Auszeichnung ab. Bereits w\u00e4hrend ihres Studiums deb\u00fctierte sie bei den Innsbrucker Festwochen der Alten Musik als Vespetta in Georg Philipp Telemanns Pimpinone oder Die ungleiche Heirat. Seither hat sie sich als herausragende Interpretin der Alten Musik etabliert.<br \/>\nMit ihrem klaren, leuchtenden Sopran begeistert Marie-Sophie Pollak insbesondere im Oratorienfach \u2013 von Johann Sebastian Bach bis Felix Mendelssohn Bartholdy. Ihre stilistische Vielseitigkeit und musikalische Ausdruckskraft machen sie zu einer gefragten K\u00fcnstlerin an renommierten internationalen Konzert- und Opernh\u00e4usern. Regelm\u00e4\u00dfig ist sie in der Hamburger Elbphilharmonie zu erleben, unter anderem in Mozarts c-Moll-Messe sowie in Haydns Die Jahreszeiten und Die Sch\u00f6pfung. Dabei arbeitete sie mit namhaften Dirigenten wie Kent Nagano, Ivor Bolton, Justin Doyle, Gianluca Capuano und V\u00e1clav Luks zusammen. Gastengagements f\u00fchrten sie unter anderem an die Philharmonie de Montr\u00e9al, die Hamburger Staatsoper, die Berliner Philharmonie, das Auditorio Nacional de Madrid, den Wiener Musikverein sowie die K\u00f6lner Philharmonie.<br \/>\nDar\u00fcber hinaus konzertiert Marie-Sophie Pollak regelm\u00e4\u00dfig mit f\u00fchrenden Ensembles der historischen Auff\u00fchrungspraxis, darunter das Freiburger Barockorchester, die Akademie f\u00fcr Alte Musik Berlin, Concerto M\u00fcnchen, Les Violons du Roy und Concerto K\u00f6ln. Mit dem Dirigenten Lorenzo Ghirlanda verbindet Marie-Sophie Pollak eine wiederholte k\u00fcnstlerische Zusammenarbeit. Ihre erste gemeinsame CD war die erfolgreiche Einspielung von H\u00e4ndels Alexanderfest. Auch die aktuelle Produktion kn\u00fcpft an diesen gemeinsamen musikalischen Weg an und setzt die Zusammenarbeit fort.<\/p>\n<h3>Diskografie<\/h3>\n<p><a href=\"https:\/\/solo-musica.de\/vox-orchester-lorenzo-ghirlanda-marie-sophie-pollak-henry-purcell-tales-of-love-and-passion\/\"><img loading=\"lazy\" decoding=\"async\" class=\"alignleft size-medium wp-image-22388\" src=\"https:\/\/solo-musica.de\/wp-content\/uploads\/2026\/08\/4260123645595_Frontcover_Physical-300x300.jpg\" alt=\"\" width=\"300\" height=\"300\" srcset=\"https:\/\/solo-musica.de\/wp-content\/uploads\/2026\/08\/4260123645595_Frontcover_Physical-300x300.jpg 300w, https:\/\/solo-musica.de\/wp-content\/uploads\/2026\/08\/4260123645595_Frontcover_Physical-150x150.jpg 150w, https:\/\/solo-musica.de\/wp-content\/uploads\/2026\/08\/4260123645595_Frontcover_Physical-768x768.jpg 768w, https:\/\/solo-musica.de\/wp-content\/uploads\/2026\/08\/4260123645595_Frontcover_Physical-1536x1536.jpg 1536w, https:\/\/solo-musica.de\/wp-content\/uploads\/2026\/08\/4260123645595_Frontcover_Physical-2048x2048.jpg 2048w\" sizes=\"(max-width: 300px) 100vw, 300px\" \/><\/a><\/p>\n","protected":false},"excerpt":{"rendered":"<p>Die Sopranistin Marie-Sophie Pollak, geboren in Bietigheim-Bissingen, studierte an der Hochschule f\u00fcr Musik und Theater M\u00fcnchen bei Prof. Gabriele Fuchs und schloss ihr Diplom mit Auszeichnung ab. Bereits w\u00e4hrend ihres Studiums deb\u00fctierte sie bei den Innsbrucker Festwochen der Alten Musik als Vespetta in Georg Philipp Telemanns Pimpinone oder Die ungleiche Heirat. Seither hat sie sich [&hellip;]<\/p>\n","protected":false},"author":2,"featured_media":0,"comment_status":"closed","ping_status":"closed","sticky":false,"template":"","format":"standard","meta":{"footnotes":""},"categories":[12],"tags":[],"class_list":["post-22530","post","type-post","status-publish","format-standard","hentry","category-artist"],"translation":{"provider":"WPGlobus","version":"3.0.5","language":"en","enabled_languages":["de","en"],"languages":{"de":{"title":true,"content":true,"excerpt":false},"en":{"title":false,"content":false,"excerpt":false}}},"yoast_head":"<!-- This site is optimized with the Yoast SEO plugin v28.4 - https:\/\/yoast.com\/product\/yoast-seo-wordpress\/ -->\n<title>Marie-Sophie Pollak - Deutsch<\/title>\n<meta name=\"robots\" content=\"index, follow, max-snippet:-1, max-image-preview:large, max-video-preview:-1\" \/>\n<link rel=\"canonical\" href=\"https:\/\/solo-musica.de\/marie-sophie-pollak\/\" \/>\n<meta property=\"og:locale\" content=\"en_US\" \/>\n<meta property=\"og:type\" content=\"article\" \/>\n<meta property=\"og:title\" content=\"Marie-Sophie Pollak - Deutsch\" \/>\n<meta property=\"og:url\" content=\"https:\/\/solo-musica.de\/marie-sophie-pollak\/\" \/>\n<meta property=\"og:site_name\" content=\"Deutsch\" \/>\n<meta property=\"article:published_time\" content=\"2026-08-31T17:00:42+00:00\" \/>\n<meta property=\"article:modified_time\" content=\"2026-08-31T17:05:27+00:00\" \/>\n<meta property=\"og:image\" content=\"https:\/\/solo-musica.de\/wp-content\/uploads\/2026\/08\/pollack.jpg\" \/>\n\t<meta property=\"og:image:width\" content=\"443\" \/>\n\t<meta property=\"og:image:height\" content=\"422\" \/>\n\t<meta property=\"og:image:type\" content=\"image\/jpeg\" \/>\n<meta name=\"author\" content=\"Solo Musica GmbH\" \/>\n<meta name=\"twitter:card\" content=\"summary_large_image\" \/>\n<meta name=\"twitter:label1\" content=\"Written by\" \/>\n\t<meta name=\"twitter:data1\" content=\"Solo Musica GmbH\" \/>\n\t<meta name=\"twitter:label2\" content=\"Est. reading time\" \/>\n\t<meta name=\"twitter:data2\" content=\"2 minutes\" \/>\n<script type=\"application\/ld+json\" class=\"yoast-schema-graph\">{\"@context\":\"https:\\\/\\\/schema.org\",\"@graph\":[{\"@type\":\"Article\",\"@id\":\"https:\\\/\\\/solo-musica.de\\\/marie-sophie-pollak\\\/#article\",\"isPartOf\":{\"@id\":\"https:\\\/\\\/solo-musica.de\\\/marie-sophie-pollak\\\/\"},\"author\":{\"name\":\"Solo Musica GmbH\",\"@id\":\"https:\\\/\\\/solo-musica.de\\\/#\\\/schema\\\/person\\\/acacb6ededb09e2bdd736bb8455222ac\"},\"headline\":\"Marie-Sophie Pollak\",\"datePublished\":\"2026-08-31T17:00:42+00:00\",\"dateModified\":\"2026-08-31T17:05:27+00:00\",\"mainEntityOfPage\":{\"@id\":\"https:\\\/\\\/solo-musica.de\\\/marie-sophie-pollak\\\/\"},\"wordCount\":263,\"publisher\":{\"@id\":\"https:\\\/\\\/solo-musica.de\\\/#organization\"},\"image\":{\"@id\":\"https:\\\/\\\/solo-musica.de\\\/marie-sophie-pollak\\\/#primaryimage\"},\"thumbnailUrl\":\"https:\\\/\\\/solo-musica.de\\\/wp-content\\\/uploads\\\/2026\\\/08\\\/pollack-300x286.jpg\",\"articleSection\":[\"Artist\"],\"inLanguage\":\"en-US\"},{\"@type\":\"WebPage\",\"@id\":\"https:\\\/\\\/solo-musica.de\\\/marie-sophie-pollak\\\/\",\"url\":\"https:\\\/\\\/solo-musica.de\\\/marie-sophie-pollak\\\/\",\"name\":\"Marie-Sophie Pollak - Deutsch\",\"isPartOf\":{\"@id\":\"https:\\\/\\\/solo-musica.de\\\/#website\"},\"primaryImageOfPage\":{\"@id\":\"https:\\\/\\\/solo-musica.de\\\/marie-sophie-pollak\\\/#primaryimage\"},\"image\":{\"@id\":\"https:\\\/\\\/solo-musica.de\\\/marie-sophie-pollak\\\/#primaryimage\"},\"thumbnailUrl\":\"https:\\\/\\\/solo-musica.de\\\/wp-content\\\/uploads\\\/2026\\\/08\\\/pollack-300x286.jpg\",\"datePublished\":\"2026-08-31T17:00:42+00:00\",\"dateModified\":\"2026-08-31T17:05:27+00:00\",\"breadcrumb\":{\"@id\":\"https:\\\/\\\/solo-musica.de\\\/marie-sophie-pollak\\\/#breadcrumb\"},\"inLanguage\":\"en-US\",\"potentialAction\":[{\"@type\":\"ReadAction\",\"target\":[\"https:\\\/\\\/solo-musica.de\\\/marie-sophie-pollak\\\/\"]}]},{\"@type\":\"ImageObject\",\"inLanguage\":\"en-US\",\"@id\":\"https:\\\/\\\/solo-musica.de\\\/marie-sophie-pollak\\\/#primaryimage\",\"url\":\"https:\\\/\\\/solo-musica.de\\\/wp-content\\\/uploads\\\/2026\\\/08\\\/pollack-300x286.jpg\",\"contentUrl\":\"https:\\\/\\\/solo-musica.de\\\/wp-content\\\/uploads\\\/2026\\\/08\\\/pollack-300x286.jpg\"},{\"@type\":\"BreadcrumbList\",\"@id\":\"https:\\\/\\\/solo-musica.de\\\/marie-sophie-pollak\\\/#breadcrumb\",\"itemListElement\":[{\"@type\":\"ListItem\",\"position\":1,\"name\":\"Startseite\",\"item\":\"https:\\\/\\\/solo-musica.de\\\/\"},{\"@type\":\"ListItem\",\"position\":2,\"name\":\"Marie-Sophie Pollak\"}]},{\"@type\":\"WebSite\",\"@id\":\"https:\\\/\\\/solo-musica.de\\\/#website\",\"url\":\"https:\\\/\\\/solo-musica.de\\\/\",\"name\":\"Deutsch\",\"description\":\"ARTIST FIRST!\",\"publisher\":{\"@id\":\"https:\\\/\\\/solo-musica.de\\\/#organization\"},\"potentialAction\":[{\"@type\":\"SearchAction\",\"target\":{\"@type\":\"EntryPoint\",\"urlTemplate\":\"https:\\\/\\\/solo-musica.de\\\/?s={search_term_string}\"},\"query-input\":{\"@type\":\"PropertyValueSpecification\",\"valueRequired\":true,\"valueName\":\"search_term_string\"}}],\"inLanguage\":\"en-US\"},{\"@type\":\"Organization\",\"@id\":\"https:\\\/\\\/solo-musica.de\\\/#organization\",\"name\":\"Deutsch\",\"url\":\"https:\\\/\\\/solo-musica.de\\\/\",\"logo\":{\"@type\":\"ImageObject\",\"inLanguage\":\"en-US\",\"@id\":\"https:\\\/\\\/solo-musica.de\\\/#\\\/schema\\\/logo\\\/image\\\/\",\"url\":\"https:\\\/\\\/solo-musica.de\\\/wp-content\\\/uploads\\\/2020\\\/12\\\/logo-180.png\",\"contentUrl\":\"https:\\\/\\\/solo-musica.de\\\/wp-content\\\/uploads\\\/2020\\\/12\\\/logo-180.png\",\"width\":180,\"height\":180,\"caption\":\"Deutsch\"},\"image\":{\"@id\":\"https:\\\/\\\/solo-musica.de\\\/#\\\/schema\\\/logo\\\/image\\\/\"}},{\"@type\":\"Person\",\"@id\":\"https:\\\/\\\/solo-musica.de\\\/#\\\/schema\\\/person\\\/acacb6ededb09e2bdd736bb8455222ac\",\"name\":\"Solo Musica GmbH\"}]}<\/script>\n<!-- \/ Yoast SEO plugin. -->","yoast_head_json":{"title":"Marie-Sophie Pollak - Deutsch","robots":{"index":"index","follow":"follow","max-snippet":"max-snippet:-1","max-image-preview":"max-image-preview:large","max-video-preview":"max-video-preview:-1"},"canonical":"https:\/\/solo-musica.de\/marie-sophie-pollak\/","og_locale":"en_US","og_type":"article","og_title":"Marie-Sophie Pollak - Deutsch","og_url":"https:\/\/solo-musica.de\/marie-sophie-pollak\/","og_site_name":"Deutsch","article_published_time":"2026-08-31T17:00:42+00:00","article_modified_time":"2026-08-31T17:05:27+00:00","og_image":[{"width":443,"height":422,"url":"https:\/\/solo-musica.de\/wp-content\/uploads\/2026\/08\/pollack.jpg","type":"image\/jpeg"}],"author":"Solo Musica GmbH","twitter_card":"summary_large_image","twitter_misc":{"Written by":"Solo Musica GmbH","Est. reading time":"2 minutes"},"schema":{"@context":"https:\/\/schema.org","@graph":[{"@type":"Article","@id":"https:\/\/solo-musica.de\/marie-sophie-pollak\/#article","isPartOf":{"@id":"https:\/\/solo-musica.de\/marie-sophie-pollak\/"},"author":{"name":"Solo Musica GmbH","@id":"https:\/\/solo-musica.de\/#\/schema\/person\/acacb6ededb09e2bdd736bb8455222ac"},"headline":"Marie-Sophie Pollak","datePublished":"2026-08-31T17:00:42+00:00","dateModified":"2026-08-31T17:05:27+00:00","mainEntityOfPage":{"@id":"https:\/\/solo-musica.de\/marie-sophie-pollak\/"},"wordCount":263,"publisher":{"@id":"https:\/\/solo-musica.de\/#organization"},"image":{"@id":"https:\/\/solo-musica.de\/marie-sophie-pollak\/#primaryimage"},"thumbnailUrl":"https:\/\/solo-musica.de\/wp-content\/uploads\/2026\/08\/pollack-300x286.jpg","articleSection":["Artist"],"inLanguage":"en-US"},{"@type":"WebPage","@id":"https:\/\/solo-musica.de\/marie-sophie-pollak\/","url":"https:\/\/solo-musica.de\/marie-sophie-pollak\/","name":"Marie-Sophie Pollak - Deutsch","isPartOf":{"@id":"https:\/\/solo-musica.de\/#website"},"primaryImageOfPage":{"@id":"https:\/\/solo-musica.de\/marie-sophie-pollak\/#primaryimage"},"image":{"@id":"https:\/\/solo-musica.de\/marie-sophie-pollak\/#primaryimage"},"thumbnailUrl":"https:\/\/solo-musica.de\/wp-content\/uploads\/2026\/08\/pollack-300x286.jpg","datePublished":"2026-08-31T17:00:42+00:00","dateModified":"2026-08-31T17:05:27+00:00","breadcrumb":{"@id":"https:\/\/solo-musica.de\/marie-sophie-pollak\/#breadcrumb"},"inLanguage":"en-US","potentialAction":[{"@type":"ReadAction","target":["https:\/\/solo-musica.de\/marie-sophie-pollak\/"]}]},{"@type":"ImageObject","inLanguage":"en-US","@id":"https:\/\/solo-musica.de\/marie-sophie-pollak\/#primaryimage","url":"https:\/\/solo-musica.de\/wp-content\/uploads\/2026\/08\/pollack-300x286.jpg","contentUrl":"https:\/\/solo-musica.de\/wp-content\/uploads\/2026\/08\/pollack-300x286.jpg"},{"@type":"BreadcrumbList","@id":"https:\/\/solo-musica.de\/marie-sophie-pollak\/#breadcrumb","itemListElement":[{"@type":"ListItem","position":1,"name":"Startseite","item":"https:\/\/solo-musica.de\/"},{"@type":"ListItem","position":2,"name":"Marie-Sophie Pollak"}]},{"@type":"WebSite","@id":"https:\/\/solo-musica.de\/#website","url":"https:\/\/solo-musica.de\/","name":"Deutsch","description":"ARTIST FIRST!","publisher":{"@id":"https:\/\/solo-musica.de\/#organization"},"potentialAction":[{"@type":"SearchAction","target":{"@type":"EntryPoint","urlTemplate":"https:\/\/solo-musica.de\/?s={search_term_string}"},"query-input":{"@type":"PropertyValueSpecification","valueRequired":true,"valueName":"search_term_string"}}],"inLanguage":"en-US"},{"@type":"Organization","@id":"https:\/\/solo-musica.de\/#organization","name":"Deutsch","url":"https:\/\/solo-musica.de\/","logo":{"@type":"ImageObject","inLanguage":"en-US","@id":"https:\/\/solo-musica.de\/#\/schema\/logo\/image\/","url":"https:\/\/solo-musica.de\/wp-content\/uploads\/2020\/12\/logo-180.png","contentUrl":"https:\/\/solo-musica.de\/wp-content\/uploads\/2020\/12\/logo-180.png","width":180,"height":180,"caption":"Deutsch"},"image":{"@id":"https:\/\/solo-musica.de\/#\/schema\/logo\/image\/"}},{"@type":"Person","@id":"https:\/\/solo-musica.de\/#\/schema\/person\/acacb6ededb09e2bdd736bb8455222ac","name":"Solo Musica GmbH"}]}},"_links":{"self":[{"href":"https:\/\/solo-musica.de\/en\/wp-json\/wp\/v2\/posts\/22530","targetHints":{"allow":["GET"]}}],"collection":[{"href":"https:\/\/solo-musica.de\/en\/wp-json\/wp\/v2\/posts"}],"about":[{"href":"https:\/\/solo-musica.de\/en\/wp-json\/wp\/v2\/types\/post"}],"author":[{"embeddable":true,"href":"https:\/\/solo-musica.de\/en\/wp-json\/wp\/v2\/users\/2"}],"replies":[{"embeddable":true,"href":"https:\/\/solo-musica.de\/en\/wp-json\/wp\/v2\/comments?post=22530"}],"version-history":[{"count":5,"href":"https:\/\/solo-musica.de\/en\/wp-json\/wp\/v2\/posts\/22530\/revisions"}],"predecessor-version":[{"id":22536,"href":"https:\/\/solo-musica.de\/en\/wp-json\/wp\/v2\/posts\/22530\/revisions\/22536"}],"wp:attachment":[{"href":"https:\/\/solo-musica.de\/en\/wp-json\/wp\/v2\/media?parent=22530"}],"wp:term":[{"taxonomy":"category","embeddable":true,"href":"https:\/\/solo-musica.de\/en\/wp-json\/wp\/v2\/categories?post=22530"},{"taxonomy":"post_tag","embeddable":true,"href":"https:\/\/solo-musica.de\/en\/wp-json\/wp\/v2\/tags?post=22530"}],"curies":[{"name":"wp","href":"https:\/\/api.w.org\/{rel}","templated":true}]}}