{"id":22500,"date":"2026-09-04T00:05:51","date_gmt":"2026-09-03T22:05:51","guid":{"rendered":"https:\/\/solo-musica.de\/?p=22500"},"modified":"2026-08-31T19:20:36","modified_gmt":"2026-08-31T17:20:36","slug":"marion-treupel-franck-la-poesie-du-son","status":"publish","type":"post","link":"https:\/\/solo-musica.de\/en\/marion-treupel-franck-la-poesie-du-son\/","title":{"rendered":"Marion Treupel-Franck: La Po\u00e9sie du Son"},"content":{"rendered":"<p><img loading=\"lazy\" decoding=\"async\" class=\"alignleft wp-image-22337 size-medium\" src=\"https:\/\/solo-musica.de\/wp-content\/uploads\/2026\/08\/SM567-Marion-Treupel-Franck_front-cover-3000-300x300.jpg\" alt=\"\" width=\"300\" height=\"300\" border=\"1px solid black\" srcset=\"https:\/\/solo-musica.de\/wp-content\/uploads\/2026\/08\/SM567-Marion-Treupel-Franck_front-cover-3000-300x300.jpg 300w, https:\/\/solo-musica.de\/wp-content\/uploads\/2026\/08\/SM567-Marion-Treupel-Franck_front-cover-3000-150x150.jpg 150w, https:\/\/solo-musica.de\/wp-content\/uploads\/2026\/08\/SM567-Marion-Treupel-Franck_front-cover-3000-768x768.jpg 768w, https:\/\/solo-musica.de\/wp-content\/uploads\/2026\/08\/SM567-Marion-Treupel-Franck_front-cover-3000-1536x1536.jpg 1536w, https:\/\/solo-musica.de\/wp-content\/uploads\/2026\/08\/SM567-Marion-Treupel-Franck_front-cover-3000-2048x2048.jpg 2048w\" sizes=\"(max-width: 300px) 100vw, 300px\" \/><\/p>\n<h2><a href=\"https:\/\/solo-musica.de\/marion-treupel-franck\/\">Marion Treupel-Franck<\/a><br \/>\n<span style=\"color: #c10a27;\">La Po\u00e9sie du Son &#8211; Flute Music by Joseph Bodin de Boismortier<\/span><br \/>\nKatalog Nr.: SM 567 (Digital Release)<br \/>\nVer\u00f6ffentlichung: 04.09.2026<br \/>\nCD exklusiv im Shop <a href=\"https:\/\/shop.solo-musica.de\/produkt\/marion-treupel-franck-la-poesie-du-son\/\" target=\"_blank\" rel=\"noopener\"><img loading=\"lazy\" decoding=\"async\" class=\"alignnone wp-image-12673 size-full\" style=\"margin-top: 10px;\" src=\"https:\/\/solo-musica.de\/wp-content\/uploads\/2021\/03\/shop-50.png\" alt=\"\" width=\"50\" height=\"50\" \/><\/a><\/h2>\n<div>\n<div style=\"clear: both;\"><\/div>\n<\/div>\n<div style=\"clear: both;\">\n<div style=\"clear: both;\">\n<hr \/>\n<h3>Marion Treupel-Franck: La Po\u00e9sie du Son &#8211; Flute Music by Joseph Bodin de Boismortier<\/h3>\n<p>Joseph Bodin de Boismortier (1689\u20131755) z\u00e4hlt zu den faszinierendsten Pers\u00f6nlichkeiten des franz\u00f6sischen Barock. Als unabh\u00e4ngiger Komponist und erfolgreicher Verleger schuf er ein umfangreiches \u0152uvre, das die Eleganz der franz\u00f6sischen Tradition mit der Virtuosit\u00e4t und Ausdruckskraft italienischer Musik verbindet.<\/p>\n<p>Die vorliegende Einspielung widmet sich ausgew\u00e4hlten Sonaten aus den Sammlungen op. 3, op. 19 und op. 44 f\u00fcr Traversfl\u00f6te und Basso continuo. Sie zeichnet Boismortiers k\u00fcnstlerische Entwicklung von den an franz\u00f6sischen Tanzsuiten orientierten fr\u00fchen Werken bis zu den deutlich italienisch gepr\u00e4gten, virtuosen Sp\u00e4twerken nach. Inspiriert von Corelli und Vivaldi, entwickelte Boismortier eine unverwechselbare Tonsprache voller melodischer Sch\u00f6nheit, rhythmischer Raffinesse und klanglicher Fantasie.<\/p>\n<p>Mit einer farbenreichen Besetzung aus Traversfl\u00f6te, Barockfagott, Barockcello und Laute bringt diese Aufnahme die stilistische Vielfalt und den besonderen Charme von Boismortiers Musik eindrucksvoll zur Geltung.<\/p>\n<hr \/>\n<\/div>\n<h2>Backcover &amp; Playlist &amp; Download<\/h2>\n<div style=\"clear: both;\"><img loading=\"lazy\" decoding=\"async\" class=\"alignleft wp-image-22335\" src=\"https:\/\/solo-musica.de\/wp-content\/uploads\/2026\/08\/SM567-Marion-Treupel-Franck_back-cover-3000-2100x2100.jpg\" alt=\"\" width=\"600\" height=\"600\" border=\"1px solid black\" vspace=\"20\" srcset=\"https:\/\/solo-musica.de\/wp-content\/uploads\/2026\/08\/SM567-Marion-Treupel-Franck_back-cover-3000-2100x2100.jpg 2100w, https:\/\/solo-musica.de\/wp-content\/uploads\/2026\/08\/SM567-Marion-Treupel-Franck_back-cover-3000-300x300.jpg 300w, https:\/\/solo-musica.de\/wp-content\/uploads\/2026\/08\/SM567-Marion-Treupel-Franck_back-cover-3000-150x150.jpg 150w, https:\/\/solo-musica.de\/wp-content\/uploads\/2026\/08\/SM567-Marion-Treupel-Franck_back-cover-3000-768x768.jpg 768w, https:\/\/solo-musica.de\/wp-content\/uploads\/2026\/08\/SM567-Marion-Treupel-Franck_back-cover-3000-1536x1536.jpg 1536w, https:\/\/solo-musica.de\/wp-content\/uploads\/2026\/08\/SM567-Marion-Treupel-Franck_back-cover-3000-2048x2048.jpg 2048w\" sizes=\"(max-width: 600px) 100vw, 600px\" \/><\/div>\n<\/div>\n<p><iframe style=\"width: 100%; max-width: 450px; overflow: hidden; border-radius: 10px;\" src=\"https:\/\/embed.music.apple.com\/de\/album\/la-po%C3%A9sie-du-son-flute-music-by-joseph-bodin-de-boismortier\/6795831116\" height=\"600\" frameborder=\"0\" sandbox=\"allow-forms allow-popups allow-same-origin allow-scripts allow-storage-access-by-user-activation allow-top-navigation-by-user-activation\"><\/iframe><\/p>\n<hr \/>\n<p style=\"text-align: center;\"><a href=\"https:\/\/open.spotify.com\/intl-de\/artist\/3Z38l9o65mFGhkwwD5yKLo?si=ne8Do-oKT12G1s66cN-JJg\" target=\"_blank\" rel=\"noopener noreferrer\"><img loading=\"lazy\" decoding=\"async\" class=\"aligncenter wp-image-5744\" src=\"https:\/\/solo-musica.de\/wp-content\/uploads\/2019\/06\/Spotify_Logo_CMYK_Green-300x90.png\" alt=\"\" width=\"267\" height=\"80\" \/><\/a><\/p>\n<hr \/>\n<p style=\"text-align: center;\"><a href=\"https:\/\/music.youtube.com\/playlist?list=OLAK5uy_nB9Px2DQl0gFwDKFs10sKQGP_-k4j9zL0&amp;si=PNYPnErNIGk1_edP\" target=\"_blank\" rel=\"noopener\"><img loading=\"lazy\" decoding=\"async\" class=\"aligncenter wp-image-17282 size-medium\" src=\"https:\/\/solo-musica.de\/wp-content\/uploads\/2023\/03\/YouTube-Music-Logo-300x97.png\" alt=\"\" width=\"300\" height=\"97\" srcset=\"https:\/\/solo-musica.de\/wp-content\/uploads\/2023\/03\/YouTube-Music-Logo-300x97.png 300w, https:\/\/solo-musica.de\/wp-content\/uploads\/2023\/03\/YouTube-Music-Logo-768x248.png 768w, https:\/\/solo-musica.de\/wp-content\/uploads\/2023\/03\/YouTube-Music-Logo-1536x495.png 1536w, https:\/\/solo-musica.de\/wp-content\/uploads\/2023\/03\/YouTube-Music-Logo-2048x660.png 2048w\" sizes=\"(max-width: 300px) 100vw, 300px\" \/><\/a><\/p>\n<hr \/>\n<p style=\"text-align: center;\"><a href=\"https:\/\/amazon.de\/music\/player\/albums\/B0H6NJ51XY?marketplaceId=A1PA6795UKMFR9&amp;musicTerritory=DE&amp;ref=dm_sh_pLEWZybTOsgk8BXHYCtdGMKeE\" target=\"_blank\" rel=\"noopener\"><img loading=\"lazy\" decoding=\"async\" class=\"aligncenter wp-image-17285 size-medium\" src=\"https:\/\/solo-musica.de\/wp-content\/uploads\/2023\/03\/Amazon-Music-300x58.png\" alt=\"\" width=\"300\" height=\"58\" srcset=\"https:\/\/solo-musica.de\/wp-content\/uploads\/2023\/03\/Amazon-Music-300x58.png 300w, https:\/\/solo-musica.de\/wp-content\/uploads\/2023\/03\/Amazon-Music-768x149.png 768w, https:\/\/solo-musica.de\/wp-content\/uploads\/2023\/03\/Amazon-Music.png 1337w\" sizes=\"(max-width: 300px) 100vw, 300px\" \/><\/a><\/p>\n<hr \/>\n<p style=\"text-align: center;\"><a href=\"https:\/\/link.deezer.com\/s\/34gMCYVAEUOznP9UwKCLV\" target=\"_blank\" rel=\"noopener\"><img loading=\"lazy\" decoding=\"async\" class=\"aligncenter wp-image-6052\" src=\"https:\/\/solo-musica.de\/wp-content\/uploads\/2019\/09\/deezerlogo-2.png\" alt=\"\" width=\"215\" height=\"55\" \/><\/a><\/p>\n<hr \/>\n<p>&nbsp;<\/p>\n","protected":false},"excerpt":{"rendered":"<p>Marion Treupel-Franck La Po\u00e9sie du Son &#8211; Flute Music by Joseph Bodin de Boismortier Katalog Nr.: SM 567 (Digital Release) Ver\u00f6ffentlichung: 04.09.2026 CD exklusiv im Shop Marion Treupel-Franck: La Po\u00e9sie du Son &#8211; Flute Music by Joseph Bodin de Boismortier Joseph Bodin de Boismortier (1689\u20131755) z\u00e4hlt zu den faszinierendsten Pers\u00f6nlichkeiten des franz\u00f6sischen Barock. Als unabh\u00e4ngiger [&hellip;]<\/p>\n","protected":false},"author":2,"featured_media":22337,"comment_status":"closed","ping_status":"closed","sticky":false,"template":"","format":"standard","meta":{"footnotes":""},"categories":[36,11],"tags":[],"class_list":["post-22500","post","type-post","status-publish","format-standard","has-post-thumbnail","hentry","category-36","category-solo-musica"],"translation":{"provider":"WPGlobus","version":"3.0.5","language":"en","enabled_languages":["de","en"],"languages":{"de":{"title":true,"content":true,"excerpt":false},"en":{"title":false,"content":false,"excerpt":false}}},"yoast_head":"<!-- This site is optimized with the Yoast SEO plugin v28.4 - https:\/\/yoast.com\/product\/yoast-seo-wordpress\/ -->\n<title>Marion Treupel-Franck: La Po\u00e9sie du Son - Deutsch<\/title>\n<meta name=\"robots\" content=\"index, follow, max-snippet:-1, max-image-preview:large, max-video-preview:-1\" \/>\n<link rel=\"canonical\" href=\"https:\/\/solo-musica.de\/marion-treupel-franck-la-poesie-du-son\/\" \/>\n<meta property=\"og:locale\" content=\"en_US\" \/>\n<meta property=\"og:type\" content=\"article\" \/>\n<meta property=\"og:title\" content=\"Marion Treupel-Franck: La Po\u00e9sie du Son - Deutsch\" \/>\n<meta property=\"og:url\" content=\"https:\/\/solo-musica.de\/marion-treupel-franck-la-poesie-du-son\/\" \/>\n<meta property=\"og:site_name\" content=\"Deutsch\" \/>\n<meta property=\"article:published_time\" content=\"2026-09-03T22:05:51+00:00\" \/>\n<meta property=\"og:image\" content=\"https:\/\/solo-musica.de\/wp-content\/uploads\/2026\/08\/SM567-Marion-Treupel-Franck_front-cover-3000-scaled.jpg\" \/>\n\t<meta property=\"og:image:width\" content=\"2560\" \/>\n\t<meta property=\"og:image:height\" content=\"2560\" \/>\n\t<meta property=\"og:image:type\" content=\"image\/jpeg\" \/>\n<meta name=\"author\" content=\"Solo Musica GmbH\" \/>\n<meta name=\"twitter:card\" content=\"summary_large_image\" \/>\n<meta name=\"twitter:label1\" content=\"Written by\" \/>\n\t<meta name=\"twitter:data1\" content=\"Solo Musica GmbH\" \/>\n\t<meta name=\"twitter:label2\" content=\"Est. reading time\" \/>\n\t<meta name=\"twitter:data2\" content=\"3 minutes\" \/>\n<script type=\"application\/ld+json\" class=\"yoast-schema-graph\">{\"@context\":\"https:\\\/\\\/schema.org\",\"@graph\":[{\"@type\":\"Article\",\"@id\":\"https:\\\/\\\/solo-musica.de\\\/marion-treupel-franck-la-poesie-du-son\\\/#article\",\"isPartOf\":{\"@id\":\"https:\\\/\\\/solo-musica.de\\\/marion-treupel-franck-la-poesie-du-son\\\/\"},\"author\":{\"name\":\"Solo Musica GmbH\",\"@id\":\"https:\\\/\\\/solo-musica.de\\\/#\\\/schema\\\/person\\\/acacb6ededb09e2bdd736bb8455222ac\"},\"headline\":\"Marion Treupel-Franck: La Po\u00e9sie du Son\",\"datePublished\":\"2026-09-03T22:05:51+00:00\",\"mainEntityOfPage\":{\"@id\":\"https:\\\/\\\/solo-musica.de\\\/marion-treupel-franck-la-poesie-du-son\\\/\"},\"wordCount\":192,\"publisher\":{\"@id\":\"https:\\\/\\\/solo-musica.de\\\/#organization\"},\"image\":{\"@id\":\"https:\\\/\\\/solo-musica.de\\\/marion-treupel-franck-la-poesie-du-son\\\/#primaryimage\"},\"thumbnailUrl\":\"https:\\\/\\\/solo-musica.de\\\/wp-content\\\/uploads\\\/2026\\\/08\\\/SM567-Marion-Treupel-Franck_front-cover-3000-scaled.jpg\",\"articleSection\":[\"2021\",\"Solo Musica\"],\"inLanguage\":\"en-US\"},{\"@type\":\"WebPage\",\"@id\":\"https:\\\/\\\/solo-musica.de\\\/marion-treupel-franck-la-poesie-du-son\\\/\",\"url\":\"https:\\\/\\\/solo-musica.de\\\/marion-treupel-franck-la-poesie-du-son\\\/\",\"name\":\"Marion Treupel-Franck: La Po\u00e9sie du Son - Deutsch\",\"isPartOf\":{\"@id\":\"https:\\\/\\\/solo-musica.de\\\/#website\"},\"primaryImageOfPage\":{\"@id\":\"https:\\\/\\\/solo-musica.de\\\/marion-treupel-franck-la-poesie-du-son\\\/#primaryimage\"},\"image\":{\"@id\":\"https:\\\/\\\/solo-musica.de\\\/marion-treupel-franck-la-poesie-du-son\\\/#primaryimage\"},\"thumbnailUrl\":\"https:\\\/\\\/solo-musica.de\\\/wp-content\\\/uploads\\\/2026\\\/08\\\/SM567-Marion-Treupel-Franck_front-cover-3000-scaled.jpg\",\"datePublished\":\"2026-09-03T22:05:51+00:00\",\"breadcrumb\":{\"@id\":\"https:\\\/\\\/solo-musica.de\\\/marion-treupel-franck-la-poesie-du-son\\\/#breadcrumb\"},\"inLanguage\":\"en-US\",\"potentialAction\":[{\"@type\":\"ReadAction\",\"target\":[\"https:\\\/\\\/solo-musica.de\\\/marion-treupel-franck-la-poesie-du-son\\\/\"]}]},{\"@type\":\"ImageObject\",\"inLanguage\":\"en-US\",\"@id\":\"https:\\\/\\\/solo-musica.de\\\/marion-treupel-franck-la-poesie-du-son\\\/#primaryimage\",\"url\":\"https:\\\/\\\/solo-musica.de\\\/wp-content\\\/uploads\\\/2026\\\/08\\\/SM567-Marion-Treupel-Franck_front-cover-3000-scaled.jpg\",\"contentUrl\":\"https:\\\/\\\/solo-musica.de\\\/wp-content\\\/uploads\\\/2026\\\/08\\\/SM567-Marion-Treupel-Franck_front-cover-3000-scaled.jpg\",\"width\":2560,\"height\":2560},{\"@type\":\"BreadcrumbList\",\"@id\":\"https:\\\/\\\/solo-musica.de\\\/marion-treupel-franck-la-poesie-du-son\\\/#breadcrumb\",\"itemListElement\":[{\"@type\":\"ListItem\",\"position\":1,\"name\":\"Startseite\",\"item\":\"https:\\\/\\\/solo-musica.de\\\/\"},{\"@type\":\"ListItem\",\"position\":2,\"name\":\"Marion Treupel-Franck: La Po\u00e9sie du Son\"}]},{\"@type\":\"WebSite\",\"@id\":\"https:\\\/\\\/solo-musica.de\\\/#website\",\"url\":\"https:\\\/\\\/solo-musica.de\\\/\",\"name\":\"Deutsch\",\"description\":\"ARTIST FIRST!\",\"publisher\":{\"@id\":\"https:\\\/\\\/solo-musica.de\\\/#organization\"},\"potentialAction\":[{\"@type\":\"SearchAction\",\"target\":{\"@type\":\"EntryPoint\",\"urlTemplate\":\"https:\\\/\\\/solo-musica.de\\\/?s={search_term_string}\"},\"query-input\":{\"@type\":\"PropertyValueSpecification\",\"valueRequired\":true,\"valueName\":\"search_term_string\"}}],\"inLanguage\":\"en-US\"},{\"@type\":\"Organization\",\"@id\":\"https:\\\/\\\/solo-musica.de\\\/#organization\",\"name\":\"Deutsch\",\"url\":\"https:\\\/\\\/solo-musica.de\\\/\",\"logo\":{\"@type\":\"ImageObject\",\"inLanguage\":\"en-US\",\"@id\":\"https:\\\/\\\/solo-musica.de\\\/#\\\/schema\\\/logo\\\/image\\\/\",\"url\":\"https:\\\/\\\/solo-musica.de\\\/wp-content\\\/uploads\\\/2020\\\/12\\\/logo-180.png\",\"contentUrl\":\"https:\\\/\\\/solo-musica.de\\\/wp-content\\\/uploads\\\/2020\\\/12\\\/logo-180.png\",\"width\":180,\"height\":180,\"caption\":\"Deutsch\"},\"image\":{\"@id\":\"https:\\\/\\\/solo-musica.de\\\/#\\\/schema\\\/logo\\\/image\\\/\"}},{\"@type\":\"Person\",\"@id\":\"https:\\\/\\\/solo-musica.de\\\/#\\\/schema\\\/person\\\/acacb6ededb09e2bdd736bb8455222ac\",\"name\":\"Solo Musica GmbH\"}]}<\/script>\n<!-- \/ Yoast SEO plugin. -->","yoast_head_json":{"title":"Marion Treupel-Franck: La Po\u00e9sie du Son - Deutsch","robots":{"index":"index","follow":"follow","max-snippet":"max-snippet:-1","max-image-preview":"max-image-preview:large","max-video-preview":"max-video-preview:-1"},"canonical":"https:\/\/solo-musica.de\/marion-treupel-franck-la-poesie-du-son\/","og_locale":"en_US","og_type":"article","og_title":"Marion Treupel-Franck: La Po\u00e9sie du Son - Deutsch","og_url":"https:\/\/solo-musica.de\/marion-treupel-franck-la-poesie-du-son\/","og_site_name":"Deutsch","article_published_time":"2026-09-03T22:05:51+00:00","og_image":[{"width":2560,"height":2560,"url":"https:\/\/solo-musica.de\/wp-content\/uploads\/2026\/08\/SM567-Marion-Treupel-Franck_front-cover-3000-scaled.jpg","type":"image\/jpeg"}],"author":"Solo Musica GmbH","twitter_card":"summary_large_image","twitter_misc":{"Written by":"Solo Musica GmbH","Est. reading time":"3 minutes"},"schema":{"@context":"https:\/\/schema.org","@graph":[{"@type":"Article","@id":"https:\/\/solo-musica.de\/marion-treupel-franck-la-poesie-du-son\/#article","isPartOf":{"@id":"https:\/\/solo-musica.de\/marion-treupel-franck-la-poesie-du-son\/"},"author":{"name":"Solo Musica GmbH","@id":"https:\/\/solo-musica.de\/#\/schema\/person\/acacb6ededb09e2bdd736bb8455222ac"},"headline":"Marion Treupel-Franck: La Po\u00e9sie du Son","datePublished":"2026-09-03T22:05:51+00:00","mainEntityOfPage":{"@id":"https:\/\/solo-musica.de\/marion-treupel-franck-la-poesie-du-son\/"},"wordCount":192,"publisher":{"@id":"https:\/\/solo-musica.de\/#organization"},"image":{"@id":"https:\/\/solo-musica.de\/marion-treupel-franck-la-poesie-du-son\/#primaryimage"},"thumbnailUrl":"https:\/\/solo-musica.de\/wp-content\/uploads\/2026\/08\/SM567-Marion-Treupel-Franck_front-cover-3000-scaled.jpg","articleSection":["2021","Solo Musica"],"inLanguage":"en-US"},{"@type":"WebPage","@id":"https:\/\/solo-musica.de\/marion-treupel-franck-la-poesie-du-son\/","url":"https:\/\/solo-musica.de\/marion-treupel-franck-la-poesie-du-son\/","name":"Marion Treupel-Franck: La Po\u00e9sie du Son - Deutsch","isPartOf":{"@id":"https:\/\/solo-musica.de\/#website"},"primaryImageOfPage":{"@id":"https:\/\/solo-musica.de\/marion-treupel-franck-la-poesie-du-son\/#primaryimage"},"image":{"@id":"https:\/\/solo-musica.de\/marion-treupel-franck-la-poesie-du-son\/#primaryimage"},"thumbnailUrl":"https:\/\/solo-musica.de\/wp-content\/uploads\/2026\/08\/SM567-Marion-Treupel-Franck_front-cover-3000-scaled.jpg","datePublished":"2026-09-03T22:05:51+00:00","breadcrumb":{"@id":"https:\/\/solo-musica.de\/marion-treupel-franck-la-poesie-du-son\/#breadcrumb"},"inLanguage":"en-US","potentialAction":[{"@type":"ReadAction","target":["https:\/\/solo-musica.de\/marion-treupel-franck-la-poesie-du-son\/"]}]},{"@type":"ImageObject","inLanguage":"en-US","@id":"https:\/\/solo-musica.de\/marion-treupel-franck-la-poesie-du-son\/#primaryimage","url":"https:\/\/solo-musica.de\/wp-content\/uploads\/2026\/08\/SM567-Marion-Treupel-Franck_front-cover-3000-scaled.jpg","contentUrl":"https:\/\/solo-musica.de\/wp-content\/uploads\/2026\/08\/SM567-Marion-Treupel-Franck_front-cover-3000-scaled.jpg","width":2560,"height":2560},{"@type":"BreadcrumbList","@id":"https:\/\/solo-musica.de\/marion-treupel-franck-la-poesie-du-son\/#breadcrumb","itemListElement":[{"@type":"ListItem","position":1,"name":"Startseite","item":"https:\/\/solo-musica.de\/"},{"@type":"ListItem","position":2,"name":"Marion Treupel-Franck: La Po\u00e9sie du Son"}]},{"@type":"WebSite","@id":"https:\/\/solo-musica.de\/#website","url":"https:\/\/solo-musica.de\/","name":"Deutsch","description":"ARTIST FIRST!","publisher":{"@id":"https:\/\/solo-musica.de\/#organization"},"potentialAction":[{"@type":"SearchAction","target":{"@type":"EntryPoint","urlTemplate":"https:\/\/solo-musica.de\/?s={search_term_string}"},"query-input":{"@type":"PropertyValueSpecification","valueRequired":true,"valueName":"search_term_string"}}],"inLanguage":"en-US"},{"@type":"Organization","@id":"https:\/\/solo-musica.de\/#organization","name":"Deutsch","url":"https:\/\/solo-musica.de\/","logo":{"@type":"ImageObject","inLanguage":"en-US","@id":"https:\/\/solo-musica.de\/#\/schema\/logo\/image\/","url":"https:\/\/solo-musica.de\/wp-content\/uploads\/2020\/12\/logo-180.png","contentUrl":"https:\/\/solo-musica.de\/wp-content\/uploads\/2020\/12\/logo-180.png","width":180,"height":180,"caption":"Deutsch"},"image":{"@id":"https:\/\/solo-musica.de\/#\/schema\/logo\/image\/"}},{"@type":"Person","@id":"https:\/\/solo-musica.de\/#\/schema\/person\/acacb6ededb09e2bdd736bb8455222ac","name":"Solo Musica GmbH"}]}},"_links":{"self":[{"href":"https:\/\/solo-musica.de\/en\/wp-json\/wp\/v2\/posts\/22500","targetHints":{"allow":["GET"]}}],"collection":[{"href":"https:\/\/solo-musica.de\/en\/wp-json\/wp\/v2\/posts"}],"about":[{"href":"https:\/\/solo-musica.de\/en\/wp-json\/wp\/v2\/types\/post"}],"author":[{"embeddable":true,"href":"https:\/\/solo-musica.de\/en\/wp-json\/wp\/v2\/users\/2"}],"replies":[{"embeddable":true,"href":"https:\/\/solo-musica.de\/en\/wp-json\/wp\/v2\/comments?post=22500"}],"version-history":[{"count":17,"href":"https:\/\/solo-musica.de\/en\/wp-json\/wp\/v2\/posts\/22500\/revisions"}],"predecessor-version":[{"id":22548,"href":"https:\/\/solo-musica.de\/en\/wp-json\/wp\/v2\/posts\/22500\/revisions\/22548"}],"wp:featuredmedia":[{"embeddable":true,"href":"https:\/\/solo-musica.de\/en\/wp-json\/wp\/v2\/media\/22337"}],"wp:attachment":[{"href":"https:\/\/solo-musica.de\/en\/wp-json\/wp\/v2\/media?parent=22500"}],"wp:term":[{"taxonomy":"category","embeddable":true,"href":"https:\/\/solo-musica.de\/en\/wp-json\/wp\/v2\/categories?post=22500"},{"taxonomy":"post_tag","embeddable":true,"href":"https:\/\/solo-musica.de\/en\/wp-json\/wp\/v2\/tags?post=22500"}],"curies":[{"name":"wp","href":"https:\/\/api.w.org\/{rel}","templated":true}]}}