{"id":22092,"date":"2026-04-30T12:51:41","date_gmt":"2026-04-30T10:51:41","guid":{"rendered":"https:\/\/solo-musica.de\/?p=22092"},"modified":"2026-04-30T13:04:42","modified_gmt":"2026-04-30T11:04:42","slug":"elenora-pertz","status":"publish","type":"post","link":"https:\/\/solo-musica.de\/en\/elenora-pertz\/","title":{"rendered":"Elenora Pertz"},"content":{"rendered":"<p>Die italo-amerikanische Pianistin Elenora Pertz wird ger\u00fchmt f\u00fcr ihr \u201egro\u00dfartiges, unendlich feinf\u00fchliges Spiel\u201c. Sie konzertiert in ganz Europa und dar\u00fcber hinaus, unter anderem in der Wigmore Hall, der Berliner Philharmonie, dem Festspielhaus Baden-Baden, dem Mus\u00e9e d\u2019Orsay, dem Grand Man\u00e8ge Namur und beim Oxford Song Festival, und war bereits bei France Musique und dem SWR zu h\u00f6ren. Zu den anstehenden Highlights z\u00e4hlen Debuts in der D\u00fcsseldorfer Tonhalle, beim Heidelberger Fr\u00fchling, in der Semperoper Dresden, im Konzerthaus Berlin, beim Tanglewood Festival und in der Queen Elisabeth Chapel. Elenora Pertz hat sich insbesondere als Liedbegleiterin einen Namen gemacht. Zu ihren regelm\u00e4\u00dfigen Partnern z\u00e4hlen Valerie Eickhoff, Julian Pr\u00e9gardien, \u00c4neas Humm, Jeeyoung Lim und \u00c1lfhei\u00f0ur Gu\u00f0mundsd\u00f3ttir.<br \/>\nAls Korrepetitorin und musikalische Assistentin hat sie mit namhaften Dirigenten wie Sir Simon Rattle, Esa-Pekka Salonen und Joana Mallwitz an Institutionen wie der Staatsoper Berlin, den Salzburger Festspielen und den Festspielen Baden Baden zusammengearbeitet. Sie arbeitet regelm\u00e4\u00dfig mit Kammers\u00e4ngerin Brigitte Fassbaender zusammen und inspiriert die neue Generation junger K\u00fcnstlerinnen und K\u00fcnstler beim Eppaner Liedsommer und beim Schleswig-Holstein Musik Festival. Sie ist Gr\u00fcnderin und Leiterin von \u201eLied the Way\u201c, einem gemeinn\u00fctzigen Verein, der Frauen in der Kunstgesang-Community unterst\u00fctzt und f\u00f6rdert. Elenora Pertz freut sich auf spannende Workshops, die f\u00fcr die kommenden Spielzeiten geplant sind und Frauen in den K\u00fcnsten voranbringen sollen. Wenn sie nicht am Klavier sitzt, findet man sie vielleicht am Meeresstrand oder beim Wandern in den Calanques ihrer neuen Wahlheimat Marseille.<\/p>\n<p>Diskographie<\/p>\n<p><a href=\"https:\/\/solo-musica.de\/elenora-pertz-terra\/\"><img loading=\"lazy\" decoding=\"async\" class=\"alignleft size-medium wp-image-21851\" src=\"https:\/\/solo-musica.de\/wp-content\/uploads\/2026\/02\/SM560_Frontcover-300x300.jpg\" alt=\"\" width=\"300\" height=\"300\" srcset=\"https:\/\/solo-musica.de\/wp-content\/uploads\/2026\/02\/SM560_Frontcover-300x300.jpg 300w, https:\/\/solo-musica.de\/wp-content\/uploads\/2026\/02\/SM560_Frontcover-150x150.jpg 150w, https:\/\/solo-musica.de\/wp-content\/uploads\/2026\/02\/SM560_Frontcover-768x768.jpg 768w, https:\/\/solo-musica.de\/wp-content\/uploads\/2026\/02\/SM560_Frontcover-1536x1536.jpg 1536w, https:\/\/solo-musica.de\/wp-content\/uploads\/2026\/02\/SM560_Frontcover-2048x2048.jpg 2048w\" sizes=\"(max-width: 300px) 100vw, 300px\" \/><\/a><\/p>\n","protected":false},"excerpt":{"rendered":"<p>Die italo-amerikanische Pianistin Elenora Pertz wird ger\u00fchmt f\u00fcr ihr \u201egro\u00dfartiges, unendlich feinf\u00fchliges Spiel\u201c. Sie konzertiert in ganz Europa und dar\u00fcber hinaus, unter anderem in der Wigmore Hall, der Berliner Philharmonie, dem Festspielhaus Baden-Baden, dem Mus\u00e9e d\u2019Orsay, dem Grand Man\u00e8ge Namur und beim Oxford Song Festival, und war bereits bei France Musique und dem SWR zu [&hellip;]<\/p>\n","protected":false},"author":2,"featured_media":21851,"comment_status":"closed","ping_status":"closed","sticky":false,"template":"","format":"standard","meta":{"footnotes":""},"categories":[12],"tags":[],"class_list":["post-22092","post","type-post","status-publish","format-standard","has-post-thumbnail","hentry","category-artist"],"translation":{"provider":"WPGlobus","version":"3.0.2","language":"en","enabled_languages":["de","en"],"languages":{"de":{"title":true,"content":true,"excerpt":false},"en":{"title":false,"content":false,"excerpt":false}}},"yoast_head":"<!-- This site is optimized with the Yoast SEO plugin v27.5 - https:\/\/yoast.com\/product\/yoast-seo-wordpress\/ -->\n<title>Elenora Pertz - Deutsch<\/title>\n<meta name=\"robots\" content=\"index, follow, max-snippet:-1, max-image-preview:large, max-video-preview:-1\" \/>\n<link rel=\"canonical\" href=\"https:\/\/solo-musica.de\/elenora-pertz\/\" \/>\n<meta property=\"og:locale\" content=\"en_US\" \/>\n<meta property=\"og:type\" content=\"article\" \/>\n<meta property=\"og:title\" content=\"Elenora Pertz - Deutsch\" \/>\n<meta property=\"og:url\" content=\"https:\/\/solo-musica.de\/elenora-pertz\/\" \/>\n<meta property=\"og:site_name\" content=\"Deutsch\" \/>\n<meta property=\"article:published_time\" content=\"2026-04-30T10:51:41+00:00\" \/>\n<meta property=\"article:modified_time\" content=\"2026-04-30T11:04:42+00:00\" \/>\n<meta property=\"og:image\" content=\"https:\/\/solo-musica.de\/wp-content\/uploads\/2026\/02\/SM560_Frontcover-scaled.jpg\" \/>\n\t<meta property=\"og:image:width\" content=\"2560\" \/>\n\t<meta property=\"og:image:height\" content=\"2560\" \/>\n\t<meta property=\"og:image:type\" content=\"image\/jpeg\" \/>\n<meta name=\"author\" content=\"Solo Musica GmbH\" \/>\n<meta name=\"twitter:card\" content=\"summary_large_image\" \/>\n<meta name=\"twitter:label1\" content=\"Written by\" \/>\n\t<meta name=\"twitter:data1\" content=\"Solo Musica GmbH\" \/>\n\t<meta name=\"twitter:label2\" content=\"Est. reading time\" \/>\n\t<meta name=\"twitter:data2\" content=\"2 minutes\" \/>\n<script type=\"application\/ld+json\" class=\"yoast-schema-graph\">{\"@context\":\"https:\\\/\\\/schema.org\",\"@graph\":[{\"@type\":\"Article\",\"@id\":\"https:\\\/\\\/solo-musica.de\\\/elenora-pertz\\\/#article\",\"isPartOf\":{\"@id\":\"https:\\\/\\\/solo-musica.de\\\/elenora-pertz\\\/\"},\"author\":{\"name\":\"Solo Musica GmbH\",\"@id\":\"https:\\\/\\\/solo-musica.de\\\/#\\\/schema\\\/person\\\/acacb6ededb09e2bdd736bb8455222ac\"},\"headline\":\"Elenora Pertz\",\"datePublished\":\"2026-04-30T10:51:41+00:00\",\"dateModified\":\"2026-04-30T11:04:42+00:00\",\"mainEntityOfPage\":{\"@id\":\"https:\\\/\\\/solo-musica.de\\\/elenora-pertz\\\/\"},\"wordCount\":264,\"publisher\":{\"@id\":\"https:\\\/\\\/solo-musica.de\\\/#organization\"},\"image\":{\"@id\":\"https:\\\/\\\/solo-musica.de\\\/elenora-pertz\\\/#primaryimage\"},\"thumbnailUrl\":\"https:\\\/\\\/solo-musica.de\\\/wp-content\\\/uploads\\\/2026\\\/02\\\/SM560_Frontcover-scaled.jpg\",\"articleSection\":[\"Artist\"],\"inLanguage\":\"en-US\"},{\"@type\":\"WebPage\",\"@id\":\"https:\\\/\\\/solo-musica.de\\\/elenora-pertz\\\/\",\"url\":\"https:\\\/\\\/solo-musica.de\\\/elenora-pertz\\\/\",\"name\":\"Elenora Pertz - Deutsch\",\"isPartOf\":{\"@id\":\"https:\\\/\\\/solo-musica.de\\\/#website\"},\"primaryImageOfPage\":{\"@id\":\"https:\\\/\\\/solo-musica.de\\\/elenora-pertz\\\/#primaryimage\"},\"image\":{\"@id\":\"https:\\\/\\\/solo-musica.de\\\/elenora-pertz\\\/#primaryimage\"},\"thumbnailUrl\":\"https:\\\/\\\/solo-musica.de\\\/wp-content\\\/uploads\\\/2026\\\/02\\\/SM560_Frontcover-scaled.jpg\",\"datePublished\":\"2026-04-30T10:51:41+00:00\",\"dateModified\":\"2026-04-30T11:04:42+00:00\",\"breadcrumb\":{\"@id\":\"https:\\\/\\\/solo-musica.de\\\/elenora-pertz\\\/#breadcrumb\"},\"inLanguage\":\"en-US\",\"potentialAction\":[{\"@type\":\"ReadAction\",\"target\":[\"https:\\\/\\\/solo-musica.de\\\/elenora-pertz\\\/\"]}]},{\"@type\":\"ImageObject\",\"inLanguage\":\"en-US\",\"@id\":\"https:\\\/\\\/solo-musica.de\\\/elenora-pertz\\\/#primaryimage\",\"url\":\"https:\\\/\\\/solo-musica.de\\\/wp-content\\\/uploads\\\/2026\\\/02\\\/SM560_Frontcover-scaled.jpg\",\"contentUrl\":\"https:\\\/\\\/solo-musica.de\\\/wp-content\\\/uploads\\\/2026\\\/02\\\/SM560_Frontcover-scaled.jpg\",\"width\":2560,\"height\":2560},{\"@type\":\"BreadcrumbList\",\"@id\":\"https:\\\/\\\/solo-musica.de\\\/elenora-pertz\\\/#breadcrumb\",\"itemListElement\":[{\"@type\":\"ListItem\",\"position\":1,\"name\":\"Startseite\",\"item\":\"https:\\\/\\\/solo-musica.de\\\/\"},{\"@type\":\"ListItem\",\"position\":2,\"name\":\"Elenora Pertz\"}]},{\"@type\":\"WebSite\",\"@id\":\"https:\\\/\\\/solo-musica.de\\\/#website\",\"url\":\"https:\\\/\\\/solo-musica.de\\\/\",\"name\":\"Deutsch\",\"description\":\"ARTIST FIRST!\",\"publisher\":{\"@id\":\"https:\\\/\\\/solo-musica.de\\\/#organization\"},\"potentialAction\":[{\"@type\":\"SearchAction\",\"target\":{\"@type\":\"EntryPoint\",\"urlTemplate\":\"https:\\\/\\\/solo-musica.de\\\/?s={search_term_string}\"},\"query-input\":{\"@type\":\"PropertyValueSpecification\",\"valueRequired\":true,\"valueName\":\"search_term_string\"}}],\"inLanguage\":\"en-US\"},{\"@type\":\"Organization\",\"@id\":\"https:\\\/\\\/solo-musica.de\\\/#organization\",\"name\":\"Deutsch\",\"url\":\"https:\\\/\\\/solo-musica.de\\\/\",\"logo\":{\"@type\":\"ImageObject\",\"inLanguage\":\"en-US\",\"@id\":\"https:\\\/\\\/solo-musica.de\\\/#\\\/schema\\\/logo\\\/image\\\/\",\"url\":\"https:\\\/\\\/solo-musica.de\\\/wp-content\\\/uploads\\\/2020\\\/12\\\/logo-180.png\",\"contentUrl\":\"https:\\\/\\\/solo-musica.de\\\/wp-content\\\/uploads\\\/2020\\\/12\\\/logo-180.png\",\"width\":180,\"height\":180,\"caption\":\"Deutsch\"},\"image\":{\"@id\":\"https:\\\/\\\/solo-musica.de\\\/#\\\/schema\\\/logo\\\/image\\\/\"}},{\"@type\":\"Person\",\"@id\":\"https:\\\/\\\/solo-musica.de\\\/#\\\/schema\\\/person\\\/acacb6ededb09e2bdd736bb8455222ac\",\"name\":\"Solo Musica GmbH\"}]}<\/script>\n<!-- \/ Yoast SEO plugin. -->","yoast_head_json":{"title":"Elenora Pertz - Deutsch","robots":{"index":"index","follow":"follow","max-snippet":"max-snippet:-1","max-image-preview":"max-image-preview:large","max-video-preview":"max-video-preview:-1"},"canonical":"https:\/\/solo-musica.de\/elenora-pertz\/","og_locale":"en_US","og_type":"article","og_title":"Elenora Pertz - Deutsch","og_url":"https:\/\/solo-musica.de\/elenora-pertz\/","og_site_name":"Deutsch","article_published_time":"2026-04-30T10:51:41+00:00","article_modified_time":"2026-04-30T11:04:42+00:00","og_image":[{"width":2560,"height":2560,"url":"https:\/\/solo-musica.de\/wp-content\/uploads\/2026\/02\/SM560_Frontcover-scaled.jpg","type":"image\/jpeg"}],"author":"Solo Musica GmbH","twitter_card":"summary_large_image","twitter_misc":{"Written by":"Solo Musica GmbH","Est. reading time":"2 minutes"},"schema":{"@context":"https:\/\/schema.org","@graph":[{"@type":"Article","@id":"https:\/\/solo-musica.de\/elenora-pertz\/#article","isPartOf":{"@id":"https:\/\/solo-musica.de\/elenora-pertz\/"},"author":{"name":"Solo Musica GmbH","@id":"https:\/\/solo-musica.de\/#\/schema\/person\/acacb6ededb09e2bdd736bb8455222ac"},"headline":"Elenora Pertz","datePublished":"2026-04-30T10:51:41+00:00","dateModified":"2026-04-30T11:04:42+00:00","mainEntityOfPage":{"@id":"https:\/\/solo-musica.de\/elenora-pertz\/"},"wordCount":264,"publisher":{"@id":"https:\/\/solo-musica.de\/#organization"},"image":{"@id":"https:\/\/solo-musica.de\/elenora-pertz\/#primaryimage"},"thumbnailUrl":"https:\/\/solo-musica.de\/wp-content\/uploads\/2026\/02\/SM560_Frontcover-scaled.jpg","articleSection":["Artist"],"inLanguage":"en-US"},{"@type":"WebPage","@id":"https:\/\/solo-musica.de\/elenora-pertz\/","url":"https:\/\/solo-musica.de\/elenora-pertz\/","name":"Elenora Pertz - Deutsch","isPartOf":{"@id":"https:\/\/solo-musica.de\/#website"},"primaryImageOfPage":{"@id":"https:\/\/solo-musica.de\/elenora-pertz\/#primaryimage"},"image":{"@id":"https:\/\/solo-musica.de\/elenora-pertz\/#primaryimage"},"thumbnailUrl":"https:\/\/solo-musica.de\/wp-content\/uploads\/2026\/02\/SM560_Frontcover-scaled.jpg","datePublished":"2026-04-30T10:51:41+00:00","dateModified":"2026-04-30T11:04:42+00:00","breadcrumb":{"@id":"https:\/\/solo-musica.de\/elenora-pertz\/#breadcrumb"},"inLanguage":"en-US","potentialAction":[{"@type":"ReadAction","target":["https:\/\/solo-musica.de\/elenora-pertz\/"]}]},{"@type":"ImageObject","inLanguage":"en-US","@id":"https:\/\/solo-musica.de\/elenora-pertz\/#primaryimage","url":"https:\/\/solo-musica.de\/wp-content\/uploads\/2026\/02\/SM560_Frontcover-scaled.jpg","contentUrl":"https:\/\/solo-musica.de\/wp-content\/uploads\/2026\/02\/SM560_Frontcover-scaled.jpg","width":2560,"height":2560},{"@type":"BreadcrumbList","@id":"https:\/\/solo-musica.de\/elenora-pertz\/#breadcrumb","itemListElement":[{"@type":"ListItem","position":1,"name":"Startseite","item":"https:\/\/solo-musica.de\/"},{"@type":"ListItem","position":2,"name":"Elenora Pertz"}]},{"@type":"WebSite","@id":"https:\/\/solo-musica.de\/#website","url":"https:\/\/solo-musica.de\/","name":"Deutsch","description":"ARTIST FIRST!","publisher":{"@id":"https:\/\/solo-musica.de\/#organization"},"potentialAction":[{"@type":"SearchAction","target":{"@type":"EntryPoint","urlTemplate":"https:\/\/solo-musica.de\/?s={search_term_string}"},"query-input":{"@type":"PropertyValueSpecification","valueRequired":true,"valueName":"search_term_string"}}],"inLanguage":"en-US"},{"@type":"Organization","@id":"https:\/\/solo-musica.de\/#organization","name":"Deutsch","url":"https:\/\/solo-musica.de\/","logo":{"@type":"ImageObject","inLanguage":"en-US","@id":"https:\/\/solo-musica.de\/#\/schema\/logo\/image\/","url":"https:\/\/solo-musica.de\/wp-content\/uploads\/2020\/12\/logo-180.png","contentUrl":"https:\/\/solo-musica.de\/wp-content\/uploads\/2020\/12\/logo-180.png","width":180,"height":180,"caption":"Deutsch"},"image":{"@id":"https:\/\/solo-musica.de\/#\/schema\/logo\/image\/"}},{"@type":"Person","@id":"https:\/\/solo-musica.de\/#\/schema\/person\/acacb6ededb09e2bdd736bb8455222ac","name":"Solo Musica GmbH"}]}},"_links":{"self":[{"href":"https:\/\/solo-musica.de\/en\/wp-json\/wp\/v2\/posts\/22092","targetHints":{"allow":["GET"]}}],"collection":[{"href":"https:\/\/solo-musica.de\/en\/wp-json\/wp\/v2\/posts"}],"about":[{"href":"https:\/\/solo-musica.de\/en\/wp-json\/wp\/v2\/types\/post"}],"author":[{"embeddable":true,"href":"https:\/\/solo-musica.de\/en\/wp-json\/wp\/v2\/users\/2"}],"replies":[{"embeddable":true,"href":"https:\/\/solo-musica.de\/en\/wp-json\/wp\/v2\/comments?post=22092"}],"version-history":[{"count":3,"href":"https:\/\/solo-musica.de\/en\/wp-json\/wp\/v2\/posts\/22092\/revisions"}],"predecessor-version":[{"id":22096,"href":"https:\/\/solo-musica.de\/en\/wp-json\/wp\/v2\/posts\/22092\/revisions\/22096"}],"wp:featuredmedia":[{"embeddable":true,"href":"https:\/\/solo-musica.de\/en\/wp-json\/wp\/v2\/media\/21851"}],"wp:attachment":[{"href":"https:\/\/solo-musica.de\/en\/wp-json\/wp\/v2\/media?parent=22092"}],"wp:term":[{"taxonomy":"category","embeddable":true,"href":"https:\/\/solo-musica.de\/en\/wp-json\/wp\/v2\/categories?post=22092"},{"taxonomy":"post_tag","embeddable":true,"href":"https:\/\/solo-musica.de\/en\/wp-json\/wp\/v2\/tags?post=22092"}],"curies":[{"name":"wp","href":"https:\/\/api.w.org\/{rel}","templated":true}]}}