{"id":19559,"date":"2024-09-13T00:05:26","date_gmt":"2024-09-12T22:05:26","guid":{"rendered":"https:\/\/solo-musica.de\/?p=19559"},"modified":"2024-09-13T00:05:47","modified_gmt":"2024-09-12T22:05:47","slug":"jean-nicolas-diatkine-live-2021-2023","status":"publish","type":"post","link":"https:\/\/solo-musica.de\/en\/jean-nicolas-diatkine-live-2021-2023\/","title":{"rendered":"Jean-Nicolas Diatkine \u2013 Live 2021 &#038; 2023"},"content":{"rendered":"<p><img loading=\"lazy\" decoding=\"async\" class=\"alignleft wp-image-19516 size-medium\" src=\"https:\/\/solo-musica.de\/wp-content\/uploads\/2024\/08\/SM474_Cover-300x300.jpg\" alt=\"\" width=\"300\" height=\"300\" srcset=\"https:\/\/solo-musica.de\/wp-content\/uploads\/2024\/08\/SM474_Cover-300x300.jpg 300w, https:\/\/solo-musica.de\/wp-content\/uploads\/2024\/08\/SM474_Cover-150x150.jpg 150w, https:\/\/solo-musica.de\/wp-content\/uploads\/2024\/08\/SM474_Cover-768x768.jpg 768w, https:\/\/solo-musica.de\/wp-content\/uploads\/2024\/08\/SM474_Cover-1536x1536.jpg 1536w, https:\/\/solo-musica.de\/wp-content\/uploads\/2024\/08\/SM474_Cover-2048x2048.jpg 2048w\" sizes=\"(max-width: 300px) 100vw, 300px\" \/><\/p>\n<h2><a href=\"https:\/\/solo-musica.de\/jean-nicolas-diatkine\/\">Jean-Nicolas Diatkine<\/a><br \/>\n<span style=\"color: #c10a27;\">Live 2021 &amp; 2023<\/span><br \/>\nKatalog Nr.: SM 474 (Digital Release)<br \/>\nVer\u00f6ffentlichung: 13.09.2024<br \/>\nCD exklusiv im Shop <a href=\"https:\/\/shop.solo-musica.de\/produkt\/jean-nicolas-diatkine-live-2021-2023\/\" target=\"_blank\" rel=\"noopener\"><img loading=\"lazy\" decoding=\"async\" class=\"alignnone wp-image-12673 size-full\" style=\"margin-top: 10px;\" src=\"https:\/\/solo-musica.de\/wp-content\/uploads\/2021\/03\/shop-50.png\" alt=\"\" width=\"50\" height=\"50\" \/><\/a><\/h2>\n<div style=\"clear: both;\">\n<hr \/>\n<\/div>\n<p><strong>Jean-Nicolas Diatkine \u2013 Live 2021 &amp; 2023. Beethoven \/ Liszt \/ Wagner<\/strong><\/p>\n<p>Schon zu einer Zeit, als die Aufnahmetechniken noch nicht das waren, was sie heute sind, hatten gro\u00dfe Musiker wie Wilhelm Furtw\u00e4ngler und sp\u00e4ter Sergiu Celibidache Vorbehalte, ihre Werke anders als live zu ver\u00f6ffentlichen. F\u00fcr sie bedeutete \u201elive\u201c \u201elebendig\u201c. Dieses Credo wurde auch bei der Produktion dieses Albums verfolgt. In der Tat muss der Wunsch nach \u201emakelloser Perfektion\u201c manchmal dem Wunsch nach lebendiger Musik weichen, die einem gegenw\u00e4rtigen Moment entspringt, der seinerseits zur Vergangenheit wird \u2026 in einem Augenblick. Auf diese Weise wird den Auff\u00fchrungen die M\u00f6glichkeit der Revision verwehrt, wie sie bei Studioaufnahmen und nachtr\u00e4glicher Bearbeitung m\u00f6glich ist. Doch wenn man bei einer solchen Rekonstruktion im Nachhinein nicht vorsichtig ist, kann die Idee eines einzigartigen und privilegierten Moments, in dem sich die Kreativit\u00e4t des Komponisten ungetr\u00fcbt entfalten kann, im Streben nach nahtloser Perfektion verloren gehen, die in Wirklichkeit jedoch nur eine Anh\u00e4ufung fehlerfreier Details ist. In diesem Fall kann der H\u00f6rer nicht mehr tun, als dem Verlauf zu folgen, ohne notwendigerweise die \u00fcbergreifende Einheit eines spontanen Ausdrucks erfassen zu k\u00f6nnen. So ist es verst\u00e4ndlich, dass man jetzt an Richard Wagner selbst denkt, und besonders passend zu einer tiefgreifenden Verschmelzung der beiden Komponisten im Klavierauszug von Liszt der letzten Szene von Tristan und Isolde, Isoldes Liebestod, der Liebestod von Isolde. Wer h\u00e4tte sich je vorstellen k\u00f6nnen, dass eine solche Leidenschaft aus blo\u00dfen Noten auf dem Papier so greifbar wird? Dietrich Fischer-Dieskau hat es auf den Punkt gebracht: \u201eWagner ist ein Zauberer\u201c.<\/p>\n<p>Und doch m\u00fcssen auch die gr\u00f6\u00dften Zauberer ihre Kunst von anderen lernen, auch wenn sie es nicht gerne \u00f6ffentlich zugeben. So bekannte sich Wagner privat zu den Anregungen, die er von Franz Liszt erhielt und die in dessen Ballade Nr. 2 deutlich zum Ausdruck kommen. In der Tat finden wir hier den wahrscheinlichen Ursprung bestimmter Themen des Fliegenden Holl\u00e4nders, des Vogel-Leitmotivs aus Siegfried und sogar desjenigen aus Tristan, das Wagner praktisch Note f\u00fcr Note in seiner gleichnamigen Oper wiedergibt. Diese Werke wurden bei zwei Konzerten im Salle Gaveau, Paris, in den Jahren 2021 und 2023 live aufgenommen.<\/p>\n<hr \/>\n<h2>Backcover &amp; Streaming\/Download<\/h2>\n<div style=\"clear: both;\">\n<p><img loading=\"lazy\" decoding=\"async\" class=\"alignleft wp-image-19515\" src=\"https:\/\/solo-musica.de\/wp-content\/uploads\/2024\/08\/SM474_Backcover-2100x2100.jpg\" alt=\"\" width=\"600\" height=\"600\" vspace=\"20\" srcset=\"https:\/\/solo-musica.de\/wp-content\/uploads\/2024\/08\/SM474_Backcover-2100x2100.jpg 2100w, https:\/\/solo-musica.de\/wp-content\/uploads\/2024\/08\/SM474_Backcover-300x300.jpg 300w, https:\/\/solo-musica.de\/wp-content\/uploads\/2024\/08\/SM474_Backcover-150x150.jpg 150w, https:\/\/solo-musica.de\/wp-content\/uploads\/2024\/08\/SM474_Backcover-768x768.jpg 768w, https:\/\/solo-musica.de\/wp-content\/uploads\/2024\/08\/SM474_Backcover-1536x1536.jpg 1536w, https:\/\/solo-musica.de\/wp-content\/uploads\/2024\/08\/SM474_Backcover-2048x2048.jpg 2048w\" sizes=\"(max-width: 600px) 100vw, 600px\" \/><\/p>\n<hr \/>\n<p style=\"text-align: center;\"><a href=\"https:\/\/open.spotify.com\/intl-de\/album\/6YSPY4qQnMSxSFU917GROZ?si=nAPQTUzmTLuiAxeNc3Ly9w\" target=\"_blank\" rel=\"noopener noreferrer\"><img loading=\"lazy\" decoding=\"async\" class=\"aligncenter wp-image-5744\" src=\"https:\/\/solo-musica.de\/wp-content\/uploads\/2019\/06\/Spotify_Logo_CMYK_Green-300x90.png\" alt=\"\" width=\"267\" height=\"80\" \/><\/a><\/p>\n<hr \/>\n<p style=\"text-align: center;\"><a href=\"https:\/\/music.apple.com\/de\/album\/jean-nicolas-diatkine-live-2021-2023\/1768065274\" target=\"_blank\" rel=\"noopener\"><img loading=\"lazy\" decoding=\"async\" class=\"aligncenter wp-image-17291 size-full\" src=\"https:\/\/solo-musica.de\/wp-content\/uploads\/2023\/03\/Apple-Music.png\" alt=\"\" width=\"139\" height=\"135\" \/><\/a><\/p>\n<hr \/>\n<p style=\"text-align: center;\"><a href=\"https:\/\/music.youtube.com\/watch?v=ZqvuBipLsY0&#038;list=OLAK5uy_lqA4MU6qkZpblZ-ryCzjW4edtRaT1-GWQ\" target=\"_blank\" rel=\"noopener\"><img loading=\"lazy\" decoding=\"async\" class=\"aligncenter wp-image-17282 size-medium\" src=\"https:\/\/solo-musica.de\/wp-content\/uploads\/2023\/03\/YouTube-Music-Logo-300x97.png\" alt=\"\" width=\"300\" height=\"97\" srcset=\"https:\/\/solo-musica.de\/wp-content\/uploads\/2023\/03\/YouTube-Music-Logo-300x97.png 300w, https:\/\/solo-musica.de\/wp-content\/uploads\/2023\/03\/YouTube-Music-Logo-768x248.png 768w, https:\/\/solo-musica.de\/wp-content\/uploads\/2023\/03\/YouTube-Music-Logo-1536x495.png 1536w, https:\/\/solo-musica.de\/wp-content\/uploads\/2023\/03\/YouTube-Music-Logo-2048x660.png 2048w\" sizes=\"(max-width: 300px) 100vw, 300px\" \/><\/a><\/p>\n<hr \/>\n<p style=\"text-align: center;\"><a href=\"https:\/\/amazon.de\/music\/player\/albums\/B0DBWMXR4R?marketplaceId=A1PA6795UKMFR9&#038;musicTerritory=DE&#038;ref=dm_sh_vbAPqBBz6kkhqDpj62m9eXV8g\" target=\"_blank\" rel=\"noopener\"><img loading=\"lazy\" decoding=\"async\" class=\"aligncenter wp-image-17285 size-medium\" src=\"https:\/\/solo-musica.de\/wp-content\/uploads\/2023\/03\/Amazon-Music-300x58.png\" alt=\"\" width=\"300\" height=\"58\" srcset=\"https:\/\/solo-musica.de\/wp-content\/uploads\/2023\/03\/Amazon-Music-300x58.png 300w, https:\/\/solo-musica.de\/wp-content\/uploads\/2023\/03\/Amazon-Music-768x149.png 768w, https:\/\/solo-musica.de\/wp-content\/uploads\/2023\/03\/Amazon-Music.png 1337w\" sizes=\"(max-width: 300px) 100vw, 300px\" \/><\/a><\/p>\n<hr \/>\n<\/div>\n","protected":false},"excerpt":{"rendered":"<p>Jean-Nicolas Diatkine Live 2021 &amp; 2023 Katalog Nr.: SM 474 (Digital Release) Ver\u00f6ffentlichung: 13.09.2024 CD exklusiv im Shop Jean-Nicolas Diatkine \u2013 Live 2021 &amp; 2023. Beethoven \/ Liszt \/ Wagner Schon zu einer Zeit, als die Aufnahmetechniken noch nicht das waren, was sie heute sind, hatten gro\u00dfe Musiker wie Wilhelm Furtw\u00e4ngler und sp\u00e4ter Sergiu Celibidache [&hellip;]<\/p>\n","protected":false},"author":2,"featured_media":19516,"comment_status":"closed","ping_status":"closed","sticky":false,"template":"","format":"standard","meta":{"footnotes":""},"categories":[36,50,11],"tags":[],"class_list":["post-19559","post","type-post","status-publish","format-standard","has-post-thumbnail","hentry","category-36","category-diatkine","category-solo-musica"],"translation":{"provider":"WPGlobus","version":"3.0.2","language":"en","enabled_languages":["de","en"],"languages":{"de":{"title":true,"content":true,"excerpt":false},"en":{"title":false,"content":false,"excerpt":false}}},"yoast_head":"<!-- This site is optimized with the Yoast SEO plugin v27.5 - https:\/\/yoast.com\/product\/yoast-seo-wordpress\/ -->\n<title>Jean-Nicolas Diatkine \u2013 Live 2021 &amp; 2023 - Deutsch<\/title>\n<meta name=\"robots\" content=\"index, follow, max-snippet:-1, max-image-preview:large, max-video-preview:-1\" \/>\n<link rel=\"canonical\" href=\"https:\/\/solo-musica.de\/jean-nicolas-diatkine-live-2021-2023\/\" \/>\n<meta property=\"og:locale\" content=\"en_US\" \/>\n<meta property=\"og:type\" content=\"article\" \/>\n<meta property=\"og:title\" content=\"Jean-Nicolas Diatkine \u2013 Live 2021 &amp; 2023 - Deutsch\" \/>\n<meta property=\"og:url\" content=\"https:\/\/solo-musica.de\/jean-nicolas-diatkine-live-2021-2023\/\" \/>\n<meta property=\"og:site_name\" content=\"Deutsch\" \/>\n<meta property=\"article:published_time\" content=\"2024-09-12T22:05:26+00:00\" \/>\n<meta property=\"article:modified_time\" content=\"2024-09-12T22:05:47+00:00\" \/>\n<meta property=\"og:image\" content=\"https:\/\/solo-musica.de\/wp-content\/uploads\/2024\/08\/SM474_Cover-scaled.jpg\" \/>\n\t<meta property=\"og:image:width\" content=\"2560\" \/>\n\t<meta property=\"og:image:height\" content=\"2560\" \/>\n\t<meta property=\"og:image:type\" content=\"image\/jpeg\" \/>\n<meta name=\"author\" content=\"Solo Musica GmbH\" \/>\n<meta name=\"twitter:card\" content=\"summary_large_image\" \/>\n<meta name=\"twitter:label1\" content=\"Written by\" \/>\n\t<meta name=\"twitter:data1\" content=\"Solo Musica GmbH\" \/>\n\t<meta name=\"twitter:label2\" content=\"Est. reading time\" \/>\n\t<meta name=\"twitter:data2\" content=\"4 minutes\" \/>\n<script type=\"application\/ld+json\" class=\"yoast-schema-graph\">{\"@context\":\"https:\\\/\\\/schema.org\",\"@graph\":[{\"@type\":\"Article\",\"@id\":\"https:\\\/\\\/solo-musica.de\\\/jean-nicolas-diatkine-live-2021-2023\\\/#article\",\"isPartOf\":{\"@id\":\"https:\\\/\\\/solo-musica.de\\\/jean-nicolas-diatkine-live-2021-2023\\\/\"},\"author\":{\"name\":\"Solo Musica GmbH\",\"@id\":\"https:\\\/\\\/solo-musica.de\\\/#\\\/schema\\\/person\\\/acacb6ededb09e2bdd736bb8455222ac\"},\"headline\":\"Jean-Nicolas Diatkine \u2013 Live 2021 &#038; 2023\",\"datePublished\":\"2024-09-12T22:05:26+00:00\",\"dateModified\":\"2024-09-12T22:05:47+00:00\",\"mainEntityOfPage\":{\"@id\":\"https:\\\/\\\/solo-musica.de\\\/jean-nicolas-diatkine-live-2021-2023\\\/\"},\"wordCount\":385,\"publisher\":{\"@id\":\"https:\\\/\\\/solo-musica.de\\\/#organization\"},\"image\":{\"@id\":\"https:\\\/\\\/solo-musica.de\\\/jean-nicolas-diatkine-live-2021-2023\\\/#primaryimage\"},\"thumbnailUrl\":\"https:\\\/\\\/solo-musica.de\\\/wp-content\\\/uploads\\\/2024\\\/08\\\/SM474_Cover-scaled.jpg\",\"articleSection\":[\"2021\",\"Diatkine\",\"Solo Musica\"],\"inLanguage\":\"en-US\"},{\"@type\":\"WebPage\",\"@id\":\"https:\\\/\\\/solo-musica.de\\\/jean-nicolas-diatkine-live-2021-2023\\\/\",\"url\":\"https:\\\/\\\/solo-musica.de\\\/jean-nicolas-diatkine-live-2021-2023\\\/\",\"name\":\"Jean-Nicolas Diatkine \u2013 Live 2021 & 2023 - Deutsch\",\"isPartOf\":{\"@id\":\"https:\\\/\\\/solo-musica.de\\\/#website\"},\"primaryImageOfPage\":{\"@id\":\"https:\\\/\\\/solo-musica.de\\\/jean-nicolas-diatkine-live-2021-2023\\\/#primaryimage\"},\"image\":{\"@id\":\"https:\\\/\\\/solo-musica.de\\\/jean-nicolas-diatkine-live-2021-2023\\\/#primaryimage\"},\"thumbnailUrl\":\"https:\\\/\\\/solo-musica.de\\\/wp-content\\\/uploads\\\/2024\\\/08\\\/SM474_Cover-scaled.jpg\",\"datePublished\":\"2024-09-12T22:05:26+00:00\",\"dateModified\":\"2024-09-12T22:05:47+00:00\",\"breadcrumb\":{\"@id\":\"https:\\\/\\\/solo-musica.de\\\/jean-nicolas-diatkine-live-2021-2023\\\/#breadcrumb\"},\"inLanguage\":\"en-US\",\"potentialAction\":[{\"@type\":\"ReadAction\",\"target\":[\"https:\\\/\\\/solo-musica.de\\\/jean-nicolas-diatkine-live-2021-2023\\\/\"]}]},{\"@type\":\"ImageObject\",\"inLanguage\":\"en-US\",\"@id\":\"https:\\\/\\\/solo-musica.de\\\/jean-nicolas-diatkine-live-2021-2023\\\/#primaryimage\",\"url\":\"https:\\\/\\\/solo-musica.de\\\/wp-content\\\/uploads\\\/2024\\\/08\\\/SM474_Cover-scaled.jpg\",\"contentUrl\":\"https:\\\/\\\/solo-musica.de\\\/wp-content\\\/uploads\\\/2024\\\/08\\\/SM474_Cover-scaled.jpg\",\"width\":2560,\"height\":2560},{\"@type\":\"BreadcrumbList\",\"@id\":\"https:\\\/\\\/solo-musica.de\\\/jean-nicolas-diatkine-live-2021-2023\\\/#breadcrumb\",\"itemListElement\":[{\"@type\":\"ListItem\",\"position\":1,\"name\":\"Startseite\",\"item\":\"https:\\\/\\\/solo-musica.de\\\/\"},{\"@type\":\"ListItem\",\"position\":2,\"name\":\"Jean-Nicolas Diatkine \u2013 Live 2021 &#038; 2023\"}]},{\"@type\":\"WebSite\",\"@id\":\"https:\\\/\\\/solo-musica.de\\\/#website\",\"url\":\"https:\\\/\\\/solo-musica.de\\\/\",\"name\":\"Deutsch\",\"description\":\"ARTIST FIRST!\",\"publisher\":{\"@id\":\"https:\\\/\\\/solo-musica.de\\\/#organization\"},\"potentialAction\":[{\"@type\":\"SearchAction\",\"target\":{\"@type\":\"EntryPoint\",\"urlTemplate\":\"https:\\\/\\\/solo-musica.de\\\/?s={search_term_string}\"},\"query-input\":{\"@type\":\"PropertyValueSpecification\",\"valueRequired\":true,\"valueName\":\"search_term_string\"}}],\"inLanguage\":\"en-US\"},{\"@type\":\"Organization\",\"@id\":\"https:\\\/\\\/solo-musica.de\\\/#organization\",\"name\":\"Deutsch\",\"url\":\"https:\\\/\\\/solo-musica.de\\\/\",\"logo\":{\"@type\":\"ImageObject\",\"inLanguage\":\"en-US\",\"@id\":\"https:\\\/\\\/solo-musica.de\\\/#\\\/schema\\\/logo\\\/image\\\/\",\"url\":\"https:\\\/\\\/solo-musica.de\\\/wp-content\\\/uploads\\\/2020\\\/12\\\/logo-180.png\",\"contentUrl\":\"https:\\\/\\\/solo-musica.de\\\/wp-content\\\/uploads\\\/2020\\\/12\\\/logo-180.png\",\"width\":180,\"height\":180,\"caption\":\"Deutsch\"},\"image\":{\"@id\":\"https:\\\/\\\/solo-musica.de\\\/#\\\/schema\\\/logo\\\/image\\\/\"}},{\"@type\":\"Person\",\"@id\":\"https:\\\/\\\/solo-musica.de\\\/#\\\/schema\\\/person\\\/acacb6ededb09e2bdd736bb8455222ac\",\"name\":\"Solo Musica GmbH\"}]}<\/script>\n<!-- \/ Yoast SEO plugin. -->","yoast_head_json":{"title":"Jean-Nicolas Diatkine \u2013 Live 2021 & 2023 - Deutsch","robots":{"index":"index","follow":"follow","max-snippet":"max-snippet:-1","max-image-preview":"max-image-preview:large","max-video-preview":"max-video-preview:-1"},"canonical":"https:\/\/solo-musica.de\/jean-nicolas-diatkine-live-2021-2023\/","og_locale":"en_US","og_type":"article","og_title":"Jean-Nicolas Diatkine \u2013 Live 2021 & 2023 - Deutsch","og_url":"https:\/\/solo-musica.de\/jean-nicolas-diatkine-live-2021-2023\/","og_site_name":"Deutsch","article_published_time":"2024-09-12T22:05:26+00:00","article_modified_time":"2024-09-12T22:05:47+00:00","og_image":[{"width":2560,"height":2560,"url":"https:\/\/solo-musica.de\/wp-content\/uploads\/2024\/08\/SM474_Cover-scaled.jpg","type":"image\/jpeg"}],"author":"Solo Musica GmbH","twitter_card":"summary_large_image","twitter_misc":{"Written by":"Solo Musica GmbH","Est. reading time":"4 minutes"},"schema":{"@context":"https:\/\/schema.org","@graph":[{"@type":"Article","@id":"https:\/\/solo-musica.de\/jean-nicolas-diatkine-live-2021-2023\/#article","isPartOf":{"@id":"https:\/\/solo-musica.de\/jean-nicolas-diatkine-live-2021-2023\/"},"author":{"name":"Solo Musica GmbH","@id":"https:\/\/solo-musica.de\/#\/schema\/person\/acacb6ededb09e2bdd736bb8455222ac"},"headline":"Jean-Nicolas Diatkine \u2013 Live 2021 &#038; 2023","datePublished":"2024-09-12T22:05:26+00:00","dateModified":"2024-09-12T22:05:47+00:00","mainEntityOfPage":{"@id":"https:\/\/solo-musica.de\/jean-nicolas-diatkine-live-2021-2023\/"},"wordCount":385,"publisher":{"@id":"https:\/\/solo-musica.de\/#organization"},"image":{"@id":"https:\/\/solo-musica.de\/jean-nicolas-diatkine-live-2021-2023\/#primaryimage"},"thumbnailUrl":"https:\/\/solo-musica.de\/wp-content\/uploads\/2024\/08\/SM474_Cover-scaled.jpg","articleSection":["2021","Diatkine","Solo Musica"],"inLanguage":"en-US"},{"@type":"WebPage","@id":"https:\/\/solo-musica.de\/jean-nicolas-diatkine-live-2021-2023\/","url":"https:\/\/solo-musica.de\/jean-nicolas-diatkine-live-2021-2023\/","name":"Jean-Nicolas Diatkine \u2013 Live 2021 & 2023 - Deutsch","isPartOf":{"@id":"https:\/\/solo-musica.de\/#website"},"primaryImageOfPage":{"@id":"https:\/\/solo-musica.de\/jean-nicolas-diatkine-live-2021-2023\/#primaryimage"},"image":{"@id":"https:\/\/solo-musica.de\/jean-nicolas-diatkine-live-2021-2023\/#primaryimage"},"thumbnailUrl":"https:\/\/solo-musica.de\/wp-content\/uploads\/2024\/08\/SM474_Cover-scaled.jpg","datePublished":"2024-09-12T22:05:26+00:00","dateModified":"2024-09-12T22:05:47+00:00","breadcrumb":{"@id":"https:\/\/solo-musica.de\/jean-nicolas-diatkine-live-2021-2023\/#breadcrumb"},"inLanguage":"en-US","potentialAction":[{"@type":"ReadAction","target":["https:\/\/solo-musica.de\/jean-nicolas-diatkine-live-2021-2023\/"]}]},{"@type":"ImageObject","inLanguage":"en-US","@id":"https:\/\/solo-musica.de\/jean-nicolas-diatkine-live-2021-2023\/#primaryimage","url":"https:\/\/solo-musica.de\/wp-content\/uploads\/2024\/08\/SM474_Cover-scaled.jpg","contentUrl":"https:\/\/solo-musica.de\/wp-content\/uploads\/2024\/08\/SM474_Cover-scaled.jpg","width":2560,"height":2560},{"@type":"BreadcrumbList","@id":"https:\/\/solo-musica.de\/jean-nicolas-diatkine-live-2021-2023\/#breadcrumb","itemListElement":[{"@type":"ListItem","position":1,"name":"Startseite","item":"https:\/\/solo-musica.de\/"},{"@type":"ListItem","position":2,"name":"Jean-Nicolas Diatkine \u2013 Live 2021 &#038; 2023"}]},{"@type":"WebSite","@id":"https:\/\/solo-musica.de\/#website","url":"https:\/\/solo-musica.de\/","name":"Deutsch","description":"ARTIST FIRST!","publisher":{"@id":"https:\/\/solo-musica.de\/#organization"},"potentialAction":[{"@type":"SearchAction","target":{"@type":"EntryPoint","urlTemplate":"https:\/\/solo-musica.de\/?s={search_term_string}"},"query-input":{"@type":"PropertyValueSpecification","valueRequired":true,"valueName":"search_term_string"}}],"inLanguage":"en-US"},{"@type":"Organization","@id":"https:\/\/solo-musica.de\/#organization","name":"Deutsch","url":"https:\/\/solo-musica.de\/","logo":{"@type":"ImageObject","inLanguage":"en-US","@id":"https:\/\/solo-musica.de\/#\/schema\/logo\/image\/","url":"https:\/\/solo-musica.de\/wp-content\/uploads\/2020\/12\/logo-180.png","contentUrl":"https:\/\/solo-musica.de\/wp-content\/uploads\/2020\/12\/logo-180.png","width":180,"height":180,"caption":"Deutsch"},"image":{"@id":"https:\/\/solo-musica.de\/#\/schema\/logo\/image\/"}},{"@type":"Person","@id":"https:\/\/solo-musica.de\/#\/schema\/person\/acacb6ededb09e2bdd736bb8455222ac","name":"Solo Musica GmbH"}]}},"_links":{"self":[{"href":"https:\/\/solo-musica.de\/en\/wp-json\/wp\/v2\/posts\/19559","targetHints":{"allow":["GET"]}}],"collection":[{"href":"https:\/\/solo-musica.de\/en\/wp-json\/wp\/v2\/posts"}],"about":[{"href":"https:\/\/solo-musica.de\/en\/wp-json\/wp\/v2\/types\/post"}],"author":[{"embeddable":true,"href":"https:\/\/solo-musica.de\/en\/wp-json\/wp\/v2\/users\/2"}],"replies":[{"embeddable":true,"href":"https:\/\/solo-musica.de\/en\/wp-json\/wp\/v2\/comments?post=19559"}],"version-history":[{"count":16,"href":"https:\/\/solo-musica.de\/en\/wp-json\/wp\/v2\/posts\/19559\/revisions"}],"predecessor-version":[{"id":19579,"href":"https:\/\/solo-musica.de\/en\/wp-json\/wp\/v2\/posts\/19559\/revisions\/19579"}],"wp:featuredmedia":[{"embeddable":true,"href":"https:\/\/solo-musica.de\/en\/wp-json\/wp\/v2\/media\/19516"}],"wp:attachment":[{"href":"https:\/\/solo-musica.de\/en\/wp-json\/wp\/v2\/media?parent=19559"}],"wp:term":[{"taxonomy":"category","embeddable":true,"href":"https:\/\/solo-musica.de\/en\/wp-json\/wp\/v2\/categories?post=19559"},{"taxonomy":"post_tag","embeddable":true,"href":"https:\/\/solo-musica.de\/en\/wp-json\/wp\/v2\/tags?post=19559"}],"curies":[{"name":"wp","href":"https:\/\/api.w.org\/{rel}","templated":true}]}}