{"id":16857,"date":"2022-11-18T00:03:35","date_gmt":"2022-11-17T23:03:35","guid":{"rendered":"https:\/\/solo-musica.de\/?p=16857"},"modified":"2023-03-17T12:07:40","modified_gmt":"2023-03-17T11:07:40","slug":"max-mueller-ungeschriebene-briefe-was-ich-dir-noch-sagen-wollte","status":"publish","type":"post","link":"https:\/\/solo-musica.de\/en\/max-mueller-ungeschriebene-briefe-was-ich-dir-noch-sagen-wollte\/","title":{"rendered":"Max M\u00fcller \u2013 Was ich Dir noch sagen wollte \u2026 ungeschriebene Briefe (Buch mit CD)"},"content":{"rendered":"<p><img loading=\"lazy\" decoding=\"async\" class=\"alignleft wp-image-16611\" src=\"https:\/\/solo-musica.de\/wp-content\/uploads\/2022\/09\/SM369_Cover_Buch.png\" alt=\"\" width=\"215\" height=\"300\" srcset=\"https:\/\/solo-musica.de\/wp-content\/uploads\/2022\/09\/SM369_Cover_Buch.png 961w, https:\/\/solo-musica.de\/wp-content\/uploads\/2022\/09\/SM369_Cover_Buch-215x300.png 215w, https:\/\/solo-musica.de\/wp-content\/uploads\/2022\/09\/SM369_Cover_Buch-768x1074.png 768w\" sizes=\"(max-width: 215px) 100vw, 215px\" \/><\/p>\n<h2><a href=\"https:\/\/solo-musica.de\/max-mueller\/\">Max M\u00fcller<\/a><br \/>\n<span style=\"color: #c10a27;\">Was ich Dir noch sagen wollte \u2026 ungeschriebene Briefe<\/span><br \/>\nKatalog Nr.: SM 369 (CD &amp; Buch)<br \/>\nVer\u00f6ffentlichung: 18.11.2022<\/h2>\n<h3><a href=\"https:\/\/shop.solo-musica.de\/produkt\/max-mueller-ungeschriebene-briefe-was-ich-dir-noch-sagen-wollte\/\" target=\"_blank\" rel=\"noopener\"><img loading=\"lazy\" decoding=\"async\" class=\"alignnone wp-image-12673 size-full\" style=\"margin-top: 10px;\" src=\"https:\/\/solo-musica.de\/wp-content\/uploads\/2021\/03\/shop-50.png\" alt=\"\" width=\"50\" height=\"50\" \/><\/a><\/h3>\n<h3><\/h3>\n<h3><\/h3>\n<div style=\"clear: both;\">\n<hr \/>\n<p>Der Schauspieler und S\u00e4nger Max M\u00fcller hat zw\u00f6lf Mitmenschen in imagin\u00e4ren Briefen eben das geschrieben, was er schon immer mal sagen wollte, was bislang ungesagt geblieben ist oder was manchmal auch Klarheit herstellt. In diesen Menschen widerspiegelt sich das eigene Leben und Werden. Zum Ausdruck kommt tiefe Dankbarkeit, aber manchmal auch notwendige Abgrenzung, die heilend wirkt.<\/p>\n<p>Zusammengenommen bilden diese 12 ungeschriebenen Briefe ein Lebensportrait, f\u00fcr das es gar keine weitschweifige Autobiografie mehr braucht. Max M\u00fcller spricht die Texte dieser Briefe selbst. Dazu hat sich die Harfenistin Elisabeth Daxer beredte Kl\u00e4nge einfallen lassen.<\/p>\n<hr \/>\n<\/div>\n<h2>CD-Cover &amp; Backcover &amp; Playlist<\/h2>\n<div style=\"clear: both;\">\n<p><img loading=\"lazy\" decoding=\"async\" class=\"alignleft wp-image-16605\" src=\"https:\/\/solo-musica.de\/wp-content\/uploads\/2022\/09\/SM369_Cover-2100x2100.jpg\" alt=\"\" width=\"500\" height=\"500\" vspace=\"20\" srcset=\"https:\/\/solo-musica.de\/wp-content\/uploads\/2022\/09\/SM369_Cover-2100x2100.jpg 2100w, https:\/\/solo-musica.de\/wp-content\/uploads\/2022\/09\/SM369_Cover-300x300.jpg 300w, https:\/\/solo-musica.de\/wp-content\/uploads\/2022\/09\/SM369_Cover-150x150.jpg 150w, https:\/\/solo-musica.de\/wp-content\/uploads\/2022\/09\/SM369_Cover-768x768.jpg 768w, https:\/\/solo-musica.de\/wp-content\/uploads\/2022\/09\/SM369_Cover-1536x1536.jpg 1536w, https:\/\/solo-musica.de\/wp-content\/uploads\/2022\/09\/SM369_Cover-2048x2048.jpg 2048w\" sizes=\"(max-width: 500px) 100vw, 500px\" \/><br \/>\n<img loading=\"lazy\" decoding=\"async\" class=\"alignleft wp-image-16607\" src=\"https:\/\/solo-musica.de\/wp-content\/uploads\/2022\/09\/SM369_Backcover-2100x2100.jpg\" alt=\"\" width=\"500\" height=\"500\" vspace=\"20\" srcset=\"https:\/\/solo-musica.de\/wp-content\/uploads\/2022\/09\/SM369_Backcover-2100x2100.jpg 2100w, https:\/\/solo-musica.de\/wp-content\/uploads\/2022\/09\/SM369_Backcover-300x300.jpg 300w, https:\/\/solo-musica.de\/wp-content\/uploads\/2022\/09\/SM369_Backcover-150x150.jpg 150w, https:\/\/solo-musica.de\/wp-content\/uploads\/2022\/09\/SM369_Backcover-768x768.jpg 768w, https:\/\/solo-musica.de\/wp-content\/uploads\/2022\/09\/SM369_Backcover-1536x1536.jpg 1536w, https:\/\/solo-musica.de\/wp-content\/uploads\/2022\/09\/SM369_Backcover-2048x2048.jpg 2048w\" sizes=\"(max-width: 500px) 100vw, 500px\" \/><\/p>\n<p><iframe loading=\"lazy\" style=\"border-radius: 30px;\" src=\"https:\/\/open.spotify.com\/embed\/album\/13guPcnwJhDuuCq0OCCFHK?utm_source=generator\" width=\"500\" height=\"600\" frameborder=\"0\" allowfullscreen=\"allowfullscreen\"><span data-mce-type=\"bookmark\" style=\"display: inline-block; width: 0px; overflow: hidden; line-height: 0;\" class=\"mce_SELRES_start\">\ufeff<\/span><\/iframe><\/p>\n<\/div>\n","protected":false},"excerpt":{"rendered":"<p>Max M\u00fcller Was ich Dir noch sagen wollte \u2026 ungeschriebene Briefe Katalog Nr.: SM 369 (CD &amp; Buch) Ver\u00f6ffentlichung: 18.11.2022 Der Schauspieler und S\u00e4nger Max M\u00fcller hat zw\u00f6lf Mitmenschen in imagin\u00e4ren Briefen eben das geschrieben, was er schon immer mal sagen wollte, was bislang ungesagt geblieben ist oder was manchmal auch Klarheit herstellt. In diesen [&hellip;]<\/p>\n","protected":false},"author":1,"featured_media":16869,"comment_status":"closed","ping_status":"closed","sticky":false,"template":"","format":"standard","meta":{"footnotes":""},"categories":[36,21,11],"tags":[],"class_list":["post-16857","post","type-post","status-publish","format-standard","has-post-thumbnail","hentry","category-36","category-max-mueller","category-solo-musica"],"translation":{"provider":"WPGlobus","version":"3.0.2","language":"en","enabled_languages":["de","en"],"languages":{"de":{"title":true,"content":true,"excerpt":false},"en":{"title":false,"content":false,"excerpt":false}}},"yoast_head":"<!-- This site is optimized with the Yoast SEO plugin v27.5 - https:\/\/yoast.com\/product\/yoast-seo-wordpress\/ -->\n<title>Max M\u00fcller \u2013 Was ich Dir noch sagen wollte \u2026 ungeschriebene Briefe (Buch mit CD) - Deutsch<\/title>\n<meta name=\"robots\" content=\"index, follow, max-snippet:-1, max-image-preview:large, max-video-preview:-1\" \/>\n<link rel=\"canonical\" href=\"https:\/\/solo-musica.de\/max-mueller-ungeschriebene-briefe-was-ich-dir-noch-sagen-wollte\/\" \/>\n<meta property=\"og:locale\" content=\"en_US\" \/>\n<meta property=\"og:type\" content=\"article\" \/>\n<meta property=\"og:title\" content=\"Max M\u00fcller \u2013 Was ich Dir noch sagen wollte \u2026 ungeschriebene Briefe (Buch mit CD) - Deutsch\" \/>\n<meta property=\"og:url\" content=\"https:\/\/solo-musica.de\/max-mueller-ungeschriebene-briefe-was-ich-dir-noch-sagen-wollte\/\" \/>\n<meta property=\"og:site_name\" content=\"Deutsch\" \/>\n<meta property=\"article:published_time\" content=\"2022-11-17T23:03:35+00:00\" \/>\n<meta property=\"article:modified_time\" content=\"2023-03-17T11:07:40+00:00\" \/>\n<meta property=\"og:image\" content=\"https:\/\/solo-musica.de\/wp-content\/uploads\/2022\/11\/SM369_Cover-Buch-quadratisch.png\" \/>\n\t<meta property=\"og:image:width\" content=\"600\" \/>\n\t<meta property=\"og:image:height\" content=\"600\" \/>\n\t<meta property=\"og:image:type\" content=\"image\/png\" \/>\n<meta name=\"author\" content=\"Solo Musica\" \/>\n<meta name=\"twitter:card\" content=\"summary_large_image\" \/>\n<meta name=\"twitter:label1\" content=\"Written by\" \/>\n\t<meta name=\"twitter:data1\" content=\"Solo Musica\" \/>\n\t<meta name=\"twitter:label2\" content=\"Est. reading time\" \/>\n\t<meta name=\"twitter:data2\" content=\"2 minutes\" \/>\n<script type=\"application\/ld+json\" class=\"yoast-schema-graph\">{\"@context\":\"https:\\\/\\\/schema.org\",\"@graph\":[{\"@type\":\"Article\",\"@id\":\"https:\\\/\\\/solo-musica.de\\\/max-mueller-ungeschriebene-briefe-was-ich-dir-noch-sagen-wollte\\\/#article\",\"isPartOf\":{\"@id\":\"https:\\\/\\\/solo-musica.de\\\/max-mueller-ungeschriebene-briefe-was-ich-dir-noch-sagen-wollte\\\/\"},\"author\":{\"name\":\"Solo Musica\",\"@id\":\"https:\\\/\\\/solo-musica.de\\\/#\\\/schema\\\/person\\\/cd4b9a18e91239c483d3175e57608de2\"},\"headline\":\"Max M\u00fcller \u2013 Was ich Dir noch sagen wollte \u2026 ungeschriebene Briefe (Buch mit CD)\",\"datePublished\":\"2022-11-17T23:03:35+00:00\",\"dateModified\":\"2023-03-17T11:07:40+00:00\",\"mainEntityOfPage\":{\"@id\":\"https:\\\/\\\/solo-musica.de\\\/max-mueller-ungeschriebene-briefe-was-ich-dir-noch-sagen-wollte\\\/\"},\"wordCount\":136,\"publisher\":{\"@id\":\"https:\\\/\\\/solo-musica.de\\\/#organization\"},\"image\":{\"@id\":\"https:\\\/\\\/solo-musica.de\\\/max-mueller-ungeschriebene-briefe-was-ich-dir-noch-sagen-wollte\\\/#primaryimage\"},\"thumbnailUrl\":\"https:\\\/\\\/solo-musica.de\\\/wp-content\\\/uploads\\\/2022\\\/11\\\/SM369_Cover-Buch-quadratisch.png\",\"articleSection\":[\"2021\",\"Max Mueller\",\"Solo Musica\"],\"inLanguage\":\"en-US\"},{\"@type\":\"WebPage\",\"@id\":\"https:\\\/\\\/solo-musica.de\\\/max-mueller-ungeschriebene-briefe-was-ich-dir-noch-sagen-wollte\\\/\",\"url\":\"https:\\\/\\\/solo-musica.de\\\/max-mueller-ungeschriebene-briefe-was-ich-dir-noch-sagen-wollte\\\/\",\"name\":\"Max M\u00fcller \u2013 Was ich Dir noch sagen wollte \u2026 ungeschriebene Briefe (Buch mit CD) - Deutsch\",\"isPartOf\":{\"@id\":\"https:\\\/\\\/solo-musica.de\\\/#website\"},\"primaryImageOfPage\":{\"@id\":\"https:\\\/\\\/solo-musica.de\\\/max-mueller-ungeschriebene-briefe-was-ich-dir-noch-sagen-wollte\\\/#primaryimage\"},\"image\":{\"@id\":\"https:\\\/\\\/solo-musica.de\\\/max-mueller-ungeschriebene-briefe-was-ich-dir-noch-sagen-wollte\\\/#primaryimage\"},\"thumbnailUrl\":\"https:\\\/\\\/solo-musica.de\\\/wp-content\\\/uploads\\\/2022\\\/11\\\/SM369_Cover-Buch-quadratisch.png\",\"datePublished\":\"2022-11-17T23:03:35+00:00\",\"dateModified\":\"2023-03-17T11:07:40+00:00\",\"breadcrumb\":{\"@id\":\"https:\\\/\\\/solo-musica.de\\\/max-mueller-ungeschriebene-briefe-was-ich-dir-noch-sagen-wollte\\\/#breadcrumb\"},\"inLanguage\":\"en-US\",\"potentialAction\":[{\"@type\":\"ReadAction\",\"target\":[\"https:\\\/\\\/solo-musica.de\\\/max-mueller-ungeschriebene-briefe-was-ich-dir-noch-sagen-wollte\\\/\"]}]},{\"@type\":\"ImageObject\",\"inLanguage\":\"en-US\",\"@id\":\"https:\\\/\\\/solo-musica.de\\\/max-mueller-ungeschriebene-briefe-was-ich-dir-noch-sagen-wollte\\\/#primaryimage\",\"url\":\"https:\\\/\\\/solo-musica.de\\\/wp-content\\\/uploads\\\/2022\\\/11\\\/SM369_Cover-Buch-quadratisch.png\",\"contentUrl\":\"https:\\\/\\\/solo-musica.de\\\/wp-content\\\/uploads\\\/2022\\\/11\\\/SM369_Cover-Buch-quadratisch.png\",\"width\":600,\"height\":600},{\"@type\":\"BreadcrumbList\",\"@id\":\"https:\\\/\\\/solo-musica.de\\\/max-mueller-ungeschriebene-briefe-was-ich-dir-noch-sagen-wollte\\\/#breadcrumb\",\"itemListElement\":[{\"@type\":\"ListItem\",\"position\":1,\"name\":\"Startseite\",\"item\":\"https:\\\/\\\/solo-musica.de\\\/\"},{\"@type\":\"ListItem\",\"position\":2,\"name\":\"Max M\u00fcller \u2013 Was ich Dir noch sagen wollte \u2026 ungeschriebene Briefe (Buch mit CD)\"}]},{\"@type\":\"WebSite\",\"@id\":\"https:\\\/\\\/solo-musica.de\\\/#website\",\"url\":\"https:\\\/\\\/solo-musica.de\\\/\",\"name\":\"Deutsch\",\"description\":\"ARTIST FIRST!\",\"publisher\":{\"@id\":\"https:\\\/\\\/solo-musica.de\\\/#organization\"},\"potentialAction\":[{\"@type\":\"SearchAction\",\"target\":{\"@type\":\"EntryPoint\",\"urlTemplate\":\"https:\\\/\\\/solo-musica.de\\\/?s={search_term_string}\"},\"query-input\":{\"@type\":\"PropertyValueSpecification\",\"valueRequired\":true,\"valueName\":\"search_term_string\"}}],\"inLanguage\":\"en-US\"},{\"@type\":\"Organization\",\"@id\":\"https:\\\/\\\/solo-musica.de\\\/#organization\",\"name\":\"Deutsch\",\"url\":\"https:\\\/\\\/solo-musica.de\\\/\",\"logo\":{\"@type\":\"ImageObject\",\"inLanguage\":\"en-US\",\"@id\":\"https:\\\/\\\/solo-musica.de\\\/#\\\/schema\\\/logo\\\/image\\\/\",\"url\":\"https:\\\/\\\/solo-musica.de\\\/wp-content\\\/uploads\\\/2020\\\/12\\\/logo-180.png\",\"contentUrl\":\"https:\\\/\\\/solo-musica.de\\\/wp-content\\\/uploads\\\/2020\\\/12\\\/logo-180.png\",\"width\":180,\"height\":180,\"caption\":\"Deutsch\"},\"image\":{\"@id\":\"https:\\\/\\\/solo-musica.de\\\/#\\\/schema\\\/logo\\\/image\\\/\"}},{\"@type\":\"Person\",\"@id\":\"https:\\\/\\\/solo-musica.de\\\/#\\\/schema\\\/person\\\/cd4b9a18e91239c483d3175e57608de2\",\"name\":\"Solo Musica\",\"sameAs\":[\"https:\\\/\\\/test.solo-musica.de\\\/pro\"]}]}<\/script>\n<!-- \/ Yoast SEO plugin. -->","yoast_head_json":{"title":"Max M\u00fcller \u2013 Was ich Dir noch sagen wollte \u2026 ungeschriebene Briefe (Buch mit CD) - Deutsch","robots":{"index":"index","follow":"follow","max-snippet":"max-snippet:-1","max-image-preview":"max-image-preview:large","max-video-preview":"max-video-preview:-1"},"canonical":"https:\/\/solo-musica.de\/max-mueller-ungeschriebene-briefe-was-ich-dir-noch-sagen-wollte\/","og_locale":"en_US","og_type":"article","og_title":"Max M\u00fcller \u2013 Was ich Dir noch sagen wollte \u2026 ungeschriebene Briefe (Buch mit CD) - Deutsch","og_url":"https:\/\/solo-musica.de\/max-mueller-ungeschriebene-briefe-was-ich-dir-noch-sagen-wollte\/","og_site_name":"Deutsch","article_published_time":"2022-11-17T23:03:35+00:00","article_modified_time":"2023-03-17T11:07:40+00:00","og_image":[{"width":600,"height":600,"url":"https:\/\/solo-musica.de\/wp-content\/uploads\/2022\/11\/SM369_Cover-Buch-quadratisch.png","type":"image\/png"}],"author":"Solo Musica","twitter_card":"summary_large_image","twitter_misc":{"Written by":"Solo Musica","Est. reading time":"2 minutes"},"schema":{"@context":"https:\/\/schema.org","@graph":[{"@type":"Article","@id":"https:\/\/solo-musica.de\/max-mueller-ungeschriebene-briefe-was-ich-dir-noch-sagen-wollte\/#article","isPartOf":{"@id":"https:\/\/solo-musica.de\/max-mueller-ungeschriebene-briefe-was-ich-dir-noch-sagen-wollte\/"},"author":{"name":"Solo Musica","@id":"https:\/\/solo-musica.de\/#\/schema\/person\/cd4b9a18e91239c483d3175e57608de2"},"headline":"Max M\u00fcller \u2013 Was ich Dir noch sagen wollte \u2026 ungeschriebene Briefe (Buch mit CD)","datePublished":"2022-11-17T23:03:35+00:00","dateModified":"2023-03-17T11:07:40+00:00","mainEntityOfPage":{"@id":"https:\/\/solo-musica.de\/max-mueller-ungeschriebene-briefe-was-ich-dir-noch-sagen-wollte\/"},"wordCount":136,"publisher":{"@id":"https:\/\/solo-musica.de\/#organization"},"image":{"@id":"https:\/\/solo-musica.de\/max-mueller-ungeschriebene-briefe-was-ich-dir-noch-sagen-wollte\/#primaryimage"},"thumbnailUrl":"https:\/\/solo-musica.de\/wp-content\/uploads\/2022\/11\/SM369_Cover-Buch-quadratisch.png","articleSection":["2021","Max Mueller","Solo Musica"],"inLanguage":"en-US"},{"@type":"WebPage","@id":"https:\/\/solo-musica.de\/max-mueller-ungeschriebene-briefe-was-ich-dir-noch-sagen-wollte\/","url":"https:\/\/solo-musica.de\/max-mueller-ungeschriebene-briefe-was-ich-dir-noch-sagen-wollte\/","name":"Max M\u00fcller \u2013 Was ich Dir noch sagen wollte \u2026 ungeschriebene Briefe (Buch mit CD) - Deutsch","isPartOf":{"@id":"https:\/\/solo-musica.de\/#website"},"primaryImageOfPage":{"@id":"https:\/\/solo-musica.de\/max-mueller-ungeschriebene-briefe-was-ich-dir-noch-sagen-wollte\/#primaryimage"},"image":{"@id":"https:\/\/solo-musica.de\/max-mueller-ungeschriebene-briefe-was-ich-dir-noch-sagen-wollte\/#primaryimage"},"thumbnailUrl":"https:\/\/solo-musica.de\/wp-content\/uploads\/2022\/11\/SM369_Cover-Buch-quadratisch.png","datePublished":"2022-11-17T23:03:35+00:00","dateModified":"2023-03-17T11:07:40+00:00","breadcrumb":{"@id":"https:\/\/solo-musica.de\/max-mueller-ungeschriebene-briefe-was-ich-dir-noch-sagen-wollte\/#breadcrumb"},"inLanguage":"en-US","potentialAction":[{"@type":"ReadAction","target":["https:\/\/solo-musica.de\/max-mueller-ungeschriebene-briefe-was-ich-dir-noch-sagen-wollte\/"]}]},{"@type":"ImageObject","inLanguage":"en-US","@id":"https:\/\/solo-musica.de\/max-mueller-ungeschriebene-briefe-was-ich-dir-noch-sagen-wollte\/#primaryimage","url":"https:\/\/solo-musica.de\/wp-content\/uploads\/2022\/11\/SM369_Cover-Buch-quadratisch.png","contentUrl":"https:\/\/solo-musica.de\/wp-content\/uploads\/2022\/11\/SM369_Cover-Buch-quadratisch.png","width":600,"height":600},{"@type":"BreadcrumbList","@id":"https:\/\/solo-musica.de\/max-mueller-ungeschriebene-briefe-was-ich-dir-noch-sagen-wollte\/#breadcrumb","itemListElement":[{"@type":"ListItem","position":1,"name":"Startseite","item":"https:\/\/solo-musica.de\/"},{"@type":"ListItem","position":2,"name":"Max M\u00fcller \u2013 Was ich Dir noch sagen wollte \u2026 ungeschriebene Briefe (Buch mit CD)"}]},{"@type":"WebSite","@id":"https:\/\/solo-musica.de\/#website","url":"https:\/\/solo-musica.de\/","name":"Deutsch","description":"ARTIST FIRST!","publisher":{"@id":"https:\/\/solo-musica.de\/#organization"},"potentialAction":[{"@type":"SearchAction","target":{"@type":"EntryPoint","urlTemplate":"https:\/\/solo-musica.de\/?s={search_term_string}"},"query-input":{"@type":"PropertyValueSpecification","valueRequired":true,"valueName":"search_term_string"}}],"inLanguage":"en-US"},{"@type":"Organization","@id":"https:\/\/solo-musica.de\/#organization","name":"Deutsch","url":"https:\/\/solo-musica.de\/","logo":{"@type":"ImageObject","inLanguage":"en-US","@id":"https:\/\/solo-musica.de\/#\/schema\/logo\/image\/","url":"https:\/\/solo-musica.de\/wp-content\/uploads\/2020\/12\/logo-180.png","contentUrl":"https:\/\/solo-musica.de\/wp-content\/uploads\/2020\/12\/logo-180.png","width":180,"height":180,"caption":"Deutsch"},"image":{"@id":"https:\/\/solo-musica.de\/#\/schema\/logo\/image\/"}},{"@type":"Person","@id":"https:\/\/solo-musica.de\/#\/schema\/person\/cd4b9a18e91239c483d3175e57608de2","name":"Solo Musica","sameAs":["https:\/\/test.solo-musica.de\/pro"]}]}},"_links":{"self":[{"href":"https:\/\/solo-musica.de\/en\/wp-json\/wp\/v2\/posts\/16857","targetHints":{"allow":["GET"]}}],"collection":[{"href":"https:\/\/solo-musica.de\/en\/wp-json\/wp\/v2\/posts"}],"about":[{"href":"https:\/\/solo-musica.de\/en\/wp-json\/wp\/v2\/types\/post"}],"author":[{"embeddable":true,"href":"https:\/\/solo-musica.de\/en\/wp-json\/wp\/v2\/users\/1"}],"replies":[{"embeddable":true,"href":"https:\/\/solo-musica.de\/en\/wp-json\/wp\/v2\/comments?post=16857"}],"version-history":[{"count":15,"href":"https:\/\/solo-musica.de\/en\/wp-json\/wp\/v2\/posts\/16857\/revisions"}],"predecessor-version":[{"id":17332,"href":"https:\/\/solo-musica.de\/en\/wp-json\/wp\/v2\/posts\/16857\/revisions\/17332"}],"wp:featuredmedia":[{"embeddable":true,"href":"https:\/\/solo-musica.de\/en\/wp-json\/wp\/v2\/media\/16869"}],"wp:attachment":[{"href":"https:\/\/solo-musica.de\/en\/wp-json\/wp\/v2\/media?parent=16857"}],"wp:term":[{"taxonomy":"category","embeddable":true,"href":"https:\/\/solo-musica.de\/en\/wp-json\/wp\/v2\/categories?post=16857"},{"taxonomy":"post_tag","embeddable":true,"href":"https:\/\/solo-musica.de\/en\/wp-json\/wp\/v2\/tags?post=16857"}],"curies":[{"name":"wp","href":"https:\/\/api.w.org\/{rel}","templated":true}]}}