{"id":16775,"date":"2022-10-20T11:39:47","date_gmt":"2022-10-20T09:39:47","guid":{"rendered":"https:\/\/solo-musica.de\/?p=16775"},"modified":"2022-10-24T12:59:00","modified_gmt":"2022-10-24T10:59:00","slug":"murat-cevik","status":"publish","type":"post","link":"https:\/\/solo-musica.de\/en\/murat-cevik\/","title":{"rendered":"Murat Cevik"},"content":{"rendered":"<p><img loading=\"lazy\" decoding=\"async\" class=\"alignleft size-medium wp-image-16765\" src=\"https:\/\/solo-musica.de\/wp-content\/uploads\/2022\/10\/Murat-Cevik-200x300.jpeg\" alt=\"\" width=\"200\" height=\"300\" srcset=\"https:\/\/solo-musica.de\/wp-content\/uploads\/2022\/10\/Murat-Cevik-200x300.jpeg 200w, https:\/\/solo-musica.de\/wp-content\/uploads\/2022\/10\/Murat-Cevik.jpeg 400w\" sizes=\"(max-width: 200px) 100vw, 200px\" \/>Murat Cevik\u00a0begann am Staatskonservatorium an der Mimar Sinan Universit\u00e4t in Istanbul bei Prof. M\u00fckkerem Berk Querfl\u00f6te zu spielen. Sein Musikstudium schloss er im Jahr 2002 an der Universit\u00e4t Marmara ab. Im darauffolgenden Jahr kam Murat Cevik in die Schweiz, wo er sein Zweitstudium an der ZHdK beim renommierten Querfl\u00f6tisten Matthias Ziegler aufnahm und das Konzertdiplom mit Auszeichnung erlangte.<br \/>\nSein grosses Interesse am Jazz f\u00fchrte ihn weiter an die Jazzschule der ZHdK, an der er beim Saxofonisten Christof Grab studierte und mit dem Lehrdiplom abschloss. Er arbeitete mit den Fl\u00f6tisten Aurelle Nicolet, William Bennett, G\u00fclsen Tatu und besuchte Kurse bei Clifford Benson in London und Jazz-Workshops bei Marc Mommaas in New York.<br \/>\nMurat Cevik gibt Solo- und Kammermusikkonzerte und wirkt\/wirkte bei zahlreichen Neue-Musik-Projekten in Collegium Novum Z\u00fcrich und \u201eensemble f\u00fcr neue musik\u201c und Jazzprojekten im Z\u00fcrich Jazz Orchestra mit.<br \/>\nEr ist Fl\u00f6tist der ersten Stunde im Ensemble Tzara und Mitglied vom must (Uster).<br \/>\nSeine Band <a href=\"https:\/\/araratquintet.ch\/\" target=\"_blank\" rel=\"noopener\">Ararat Quintet<\/a> spielt von ihm komponierte Musik, die er als \u201aanatolien fusion\u2019 bezeichnet.<\/p>\n<p>&nbsp;<\/p>\n<h3>Diskographie<\/h3>\n<p><a href=\"https:\/\/solo-musica.de\/david-sautter-murat-cevic-the-wonderful-world-of-nino-rota\/\"><img loading=\"lazy\" decoding=\"async\" class=\"alignleft size-full wp-image-16277\" src=\"https:\/\/solo-musica.de\/wp-content\/uploads\/2022\/08\/7640123420175_Frontcover_300-1.jpg\" alt=\"\" width=\"300\" height=\"300\" srcset=\"https:\/\/solo-musica.de\/wp-content\/uploads\/2022\/08\/7640123420175_Frontcover_300-1.jpg 300w, https:\/\/solo-musica.de\/wp-content\/uploads\/2022\/08\/7640123420175_Frontcover_300-1-150x150.jpg 150w\" sizes=\"(max-width: 300px) 100vw, 300px\" \/><\/a><\/p>\n<p>&nbsp;<\/p>\n","protected":false},"excerpt":{"rendered":"<p>Murat Cevik\u00a0begann am Staatskonservatorium an der Mimar Sinan Universit\u00e4t in Istanbul bei Prof. M\u00fckkerem Berk Querfl\u00f6te zu spielen. Sein Musikstudium schloss er im Jahr 2002 an der Universit\u00e4t Marmara ab. Im darauffolgenden Jahr kam Murat Cevik in die Schweiz, wo er sein Zweitstudium an der ZHdK beim renommierten Querfl\u00f6tisten Matthias Ziegler aufnahm und das Konzertdiplom [&hellip;]<\/p>\n","protected":false},"author":1,"featured_media":16765,"comment_status":"closed","ping_status":"closed","sticky":false,"template":"","format":"standard","meta":{"footnotes":""},"categories":[12],"tags":[],"class_list":["post-16775","post","type-post","status-publish","format-standard","has-post-thumbnail","hentry","category-artist"],"translation":{"provider":"WPGlobus","version":"3.0.2","language":"en","enabled_languages":["de","en"],"languages":{"de":{"title":true,"content":true,"excerpt":false},"en":{"title":false,"content":false,"excerpt":false}}},"yoast_head":"<!-- This site is optimized with the Yoast SEO plugin v27.5 - https:\/\/yoast.com\/product\/yoast-seo-wordpress\/ -->\n<title>Murat Cevik - Deutsch<\/title>\n<meta name=\"robots\" content=\"index, follow, max-snippet:-1, max-image-preview:large, max-video-preview:-1\" \/>\n<link rel=\"canonical\" href=\"https:\/\/solo-musica.de\/murat-cevik\/\" \/>\n<meta property=\"og:locale\" content=\"en_US\" \/>\n<meta property=\"og:type\" content=\"article\" \/>\n<meta property=\"og:title\" content=\"Murat Cevik - Deutsch\" \/>\n<meta property=\"og:url\" content=\"https:\/\/solo-musica.de\/murat-cevik\/\" \/>\n<meta property=\"og:site_name\" content=\"Deutsch\" \/>\n<meta property=\"article:published_time\" content=\"2022-10-20T09:39:47+00:00\" \/>\n<meta property=\"article:modified_time\" content=\"2022-10-24T10:59:00+00:00\" \/>\n<meta property=\"og:image\" content=\"https:\/\/solo-musica.de\/wp-content\/uploads\/2022\/10\/Murat-Cevik.jpeg\" \/>\n\t<meta property=\"og:image:width\" content=\"400\" \/>\n\t<meta property=\"og:image:height\" content=\"600\" \/>\n\t<meta property=\"og:image:type\" content=\"image\/jpeg\" \/>\n<meta name=\"author\" content=\"Solo Musica\" \/>\n<meta name=\"twitter:card\" content=\"summary_large_image\" \/>\n<meta name=\"twitter:label1\" content=\"Written by\" \/>\n\t<meta name=\"twitter:data1\" content=\"Solo Musica\" \/>\n\t<meta name=\"twitter:label2\" content=\"Est. reading time\" \/>\n\t<meta name=\"twitter:data2\" content=\"2 minutes\" \/>\n<script type=\"application\/ld+json\" class=\"yoast-schema-graph\">{\"@context\":\"https:\\\/\\\/schema.org\",\"@graph\":[{\"@type\":\"Article\",\"@id\":\"https:\\\/\\\/solo-musica.de\\\/murat-cevik\\\/#article\",\"isPartOf\":{\"@id\":\"https:\\\/\\\/solo-musica.de\\\/murat-cevik\\\/\"},\"author\":{\"name\":\"Solo Musica\",\"@id\":\"https:\\\/\\\/solo-musica.de\\\/#\\\/schema\\\/person\\\/cd4b9a18e91239c483d3175e57608de2\"},\"headline\":\"Murat Cevik\",\"datePublished\":\"2022-10-20T09:39:47+00:00\",\"dateModified\":\"2022-10-24T10:59:00+00:00\",\"mainEntityOfPage\":{\"@id\":\"https:\\\/\\\/solo-musica.de\\\/murat-cevik\\\/\"},\"wordCount\":185,\"publisher\":{\"@id\":\"https:\\\/\\\/solo-musica.de\\\/#organization\"},\"image\":{\"@id\":\"https:\\\/\\\/solo-musica.de\\\/murat-cevik\\\/#primaryimage\"},\"thumbnailUrl\":\"https:\\\/\\\/solo-musica.de\\\/wp-content\\\/uploads\\\/2022\\\/10\\\/Murat-Cevik.jpeg\",\"articleSection\":[\"Artist\"],\"inLanguage\":\"en-US\"},{\"@type\":\"WebPage\",\"@id\":\"https:\\\/\\\/solo-musica.de\\\/murat-cevik\\\/\",\"url\":\"https:\\\/\\\/solo-musica.de\\\/murat-cevik\\\/\",\"name\":\"Murat Cevik - Deutsch\",\"isPartOf\":{\"@id\":\"https:\\\/\\\/solo-musica.de\\\/#website\"},\"primaryImageOfPage\":{\"@id\":\"https:\\\/\\\/solo-musica.de\\\/murat-cevik\\\/#primaryimage\"},\"image\":{\"@id\":\"https:\\\/\\\/solo-musica.de\\\/murat-cevik\\\/#primaryimage\"},\"thumbnailUrl\":\"https:\\\/\\\/solo-musica.de\\\/wp-content\\\/uploads\\\/2022\\\/10\\\/Murat-Cevik.jpeg\",\"datePublished\":\"2022-10-20T09:39:47+00:00\",\"dateModified\":\"2022-10-24T10:59:00+00:00\",\"breadcrumb\":{\"@id\":\"https:\\\/\\\/solo-musica.de\\\/murat-cevik\\\/#breadcrumb\"},\"inLanguage\":\"en-US\",\"potentialAction\":[{\"@type\":\"ReadAction\",\"target\":[\"https:\\\/\\\/solo-musica.de\\\/murat-cevik\\\/\"]}]},{\"@type\":\"ImageObject\",\"inLanguage\":\"en-US\",\"@id\":\"https:\\\/\\\/solo-musica.de\\\/murat-cevik\\\/#primaryimage\",\"url\":\"https:\\\/\\\/solo-musica.de\\\/wp-content\\\/uploads\\\/2022\\\/10\\\/Murat-Cevik.jpeg\",\"contentUrl\":\"https:\\\/\\\/solo-musica.de\\\/wp-content\\\/uploads\\\/2022\\\/10\\\/Murat-Cevik.jpeg\",\"width\":400,\"height\":600},{\"@type\":\"BreadcrumbList\",\"@id\":\"https:\\\/\\\/solo-musica.de\\\/murat-cevik\\\/#breadcrumb\",\"itemListElement\":[{\"@type\":\"ListItem\",\"position\":1,\"name\":\"Startseite\",\"item\":\"https:\\\/\\\/solo-musica.de\\\/\"},{\"@type\":\"ListItem\",\"position\":2,\"name\":\"Murat Cevik\"}]},{\"@type\":\"WebSite\",\"@id\":\"https:\\\/\\\/solo-musica.de\\\/#website\",\"url\":\"https:\\\/\\\/solo-musica.de\\\/\",\"name\":\"Deutsch\",\"description\":\"ARTIST FIRST!\",\"publisher\":{\"@id\":\"https:\\\/\\\/solo-musica.de\\\/#organization\"},\"potentialAction\":[{\"@type\":\"SearchAction\",\"target\":{\"@type\":\"EntryPoint\",\"urlTemplate\":\"https:\\\/\\\/solo-musica.de\\\/?s={search_term_string}\"},\"query-input\":{\"@type\":\"PropertyValueSpecification\",\"valueRequired\":true,\"valueName\":\"search_term_string\"}}],\"inLanguage\":\"en-US\"},{\"@type\":\"Organization\",\"@id\":\"https:\\\/\\\/solo-musica.de\\\/#organization\",\"name\":\"Deutsch\",\"url\":\"https:\\\/\\\/solo-musica.de\\\/\",\"logo\":{\"@type\":\"ImageObject\",\"inLanguage\":\"en-US\",\"@id\":\"https:\\\/\\\/solo-musica.de\\\/#\\\/schema\\\/logo\\\/image\\\/\",\"url\":\"https:\\\/\\\/solo-musica.de\\\/wp-content\\\/uploads\\\/2020\\\/12\\\/logo-180.png\",\"contentUrl\":\"https:\\\/\\\/solo-musica.de\\\/wp-content\\\/uploads\\\/2020\\\/12\\\/logo-180.png\",\"width\":180,\"height\":180,\"caption\":\"Deutsch\"},\"image\":{\"@id\":\"https:\\\/\\\/solo-musica.de\\\/#\\\/schema\\\/logo\\\/image\\\/\"}},{\"@type\":\"Person\",\"@id\":\"https:\\\/\\\/solo-musica.de\\\/#\\\/schema\\\/person\\\/cd4b9a18e91239c483d3175e57608de2\",\"name\":\"Solo Musica\",\"sameAs\":[\"https:\\\/\\\/test.solo-musica.de\\\/pro\"]}]}<\/script>\n<!-- \/ Yoast SEO plugin. -->","yoast_head_json":{"title":"Murat Cevik - Deutsch","robots":{"index":"index","follow":"follow","max-snippet":"max-snippet:-1","max-image-preview":"max-image-preview:large","max-video-preview":"max-video-preview:-1"},"canonical":"https:\/\/solo-musica.de\/murat-cevik\/","og_locale":"en_US","og_type":"article","og_title":"Murat Cevik - Deutsch","og_url":"https:\/\/solo-musica.de\/murat-cevik\/","og_site_name":"Deutsch","article_published_time":"2022-10-20T09:39:47+00:00","article_modified_time":"2022-10-24T10:59:00+00:00","og_image":[{"width":400,"height":600,"url":"https:\/\/solo-musica.de\/wp-content\/uploads\/2022\/10\/Murat-Cevik.jpeg","type":"image\/jpeg"}],"author":"Solo Musica","twitter_card":"summary_large_image","twitter_misc":{"Written by":"Solo Musica","Est. reading time":"2 minutes"},"schema":{"@context":"https:\/\/schema.org","@graph":[{"@type":"Article","@id":"https:\/\/solo-musica.de\/murat-cevik\/#article","isPartOf":{"@id":"https:\/\/solo-musica.de\/murat-cevik\/"},"author":{"name":"Solo Musica","@id":"https:\/\/solo-musica.de\/#\/schema\/person\/cd4b9a18e91239c483d3175e57608de2"},"headline":"Murat Cevik","datePublished":"2022-10-20T09:39:47+00:00","dateModified":"2022-10-24T10:59:00+00:00","mainEntityOfPage":{"@id":"https:\/\/solo-musica.de\/murat-cevik\/"},"wordCount":185,"publisher":{"@id":"https:\/\/solo-musica.de\/#organization"},"image":{"@id":"https:\/\/solo-musica.de\/murat-cevik\/#primaryimage"},"thumbnailUrl":"https:\/\/solo-musica.de\/wp-content\/uploads\/2022\/10\/Murat-Cevik.jpeg","articleSection":["Artist"],"inLanguage":"en-US"},{"@type":"WebPage","@id":"https:\/\/solo-musica.de\/murat-cevik\/","url":"https:\/\/solo-musica.de\/murat-cevik\/","name":"Murat Cevik - Deutsch","isPartOf":{"@id":"https:\/\/solo-musica.de\/#website"},"primaryImageOfPage":{"@id":"https:\/\/solo-musica.de\/murat-cevik\/#primaryimage"},"image":{"@id":"https:\/\/solo-musica.de\/murat-cevik\/#primaryimage"},"thumbnailUrl":"https:\/\/solo-musica.de\/wp-content\/uploads\/2022\/10\/Murat-Cevik.jpeg","datePublished":"2022-10-20T09:39:47+00:00","dateModified":"2022-10-24T10:59:00+00:00","breadcrumb":{"@id":"https:\/\/solo-musica.de\/murat-cevik\/#breadcrumb"},"inLanguage":"en-US","potentialAction":[{"@type":"ReadAction","target":["https:\/\/solo-musica.de\/murat-cevik\/"]}]},{"@type":"ImageObject","inLanguage":"en-US","@id":"https:\/\/solo-musica.de\/murat-cevik\/#primaryimage","url":"https:\/\/solo-musica.de\/wp-content\/uploads\/2022\/10\/Murat-Cevik.jpeg","contentUrl":"https:\/\/solo-musica.de\/wp-content\/uploads\/2022\/10\/Murat-Cevik.jpeg","width":400,"height":600},{"@type":"BreadcrumbList","@id":"https:\/\/solo-musica.de\/murat-cevik\/#breadcrumb","itemListElement":[{"@type":"ListItem","position":1,"name":"Startseite","item":"https:\/\/solo-musica.de\/"},{"@type":"ListItem","position":2,"name":"Murat Cevik"}]},{"@type":"WebSite","@id":"https:\/\/solo-musica.de\/#website","url":"https:\/\/solo-musica.de\/","name":"Deutsch","description":"ARTIST FIRST!","publisher":{"@id":"https:\/\/solo-musica.de\/#organization"},"potentialAction":[{"@type":"SearchAction","target":{"@type":"EntryPoint","urlTemplate":"https:\/\/solo-musica.de\/?s={search_term_string}"},"query-input":{"@type":"PropertyValueSpecification","valueRequired":true,"valueName":"search_term_string"}}],"inLanguage":"en-US"},{"@type":"Organization","@id":"https:\/\/solo-musica.de\/#organization","name":"Deutsch","url":"https:\/\/solo-musica.de\/","logo":{"@type":"ImageObject","inLanguage":"en-US","@id":"https:\/\/solo-musica.de\/#\/schema\/logo\/image\/","url":"https:\/\/solo-musica.de\/wp-content\/uploads\/2020\/12\/logo-180.png","contentUrl":"https:\/\/solo-musica.de\/wp-content\/uploads\/2020\/12\/logo-180.png","width":180,"height":180,"caption":"Deutsch"},"image":{"@id":"https:\/\/solo-musica.de\/#\/schema\/logo\/image\/"}},{"@type":"Person","@id":"https:\/\/solo-musica.de\/#\/schema\/person\/cd4b9a18e91239c483d3175e57608de2","name":"Solo Musica","sameAs":["https:\/\/test.solo-musica.de\/pro"]}]}},"_links":{"self":[{"href":"https:\/\/solo-musica.de\/en\/wp-json\/wp\/v2\/posts\/16775","targetHints":{"allow":["GET"]}}],"collection":[{"href":"https:\/\/solo-musica.de\/en\/wp-json\/wp\/v2\/posts"}],"about":[{"href":"https:\/\/solo-musica.de\/en\/wp-json\/wp\/v2\/types\/post"}],"author":[{"embeddable":true,"href":"https:\/\/solo-musica.de\/en\/wp-json\/wp\/v2\/users\/1"}],"replies":[{"embeddable":true,"href":"https:\/\/solo-musica.de\/en\/wp-json\/wp\/v2\/comments?post=16775"}],"version-history":[{"count":5,"href":"https:\/\/solo-musica.de\/en\/wp-json\/wp\/v2\/posts\/16775\/revisions"}],"predecessor-version":[{"id":16792,"href":"https:\/\/solo-musica.de\/en\/wp-json\/wp\/v2\/posts\/16775\/revisions\/16792"}],"wp:featuredmedia":[{"embeddable":true,"href":"https:\/\/solo-musica.de\/en\/wp-json\/wp\/v2\/media\/16765"}],"wp:attachment":[{"href":"https:\/\/solo-musica.de\/en\/wp-json\/wp\/v2\/media?parent=16775"}],"wp:term":[{"taxonomy":"category","embeddable":true,"href":"https:\/\/solo-musica.de\/en\/wp-json\/wp\/v2\/categories?post=16775"},{"taxonomy":"post_tag","embeddable":true,"href":"https:\/\/solo-musica.de\/en\/wp-json\/wp\/v2\/tags?post=16775"}],"curies":[{"name":"wp","href":"https:\/\/api.w.org\/{rel}","templated":true}]}}