{"id":16764,"date":"2022-10-20T11:29:50","date_gmt":"2022-10-20T09:29:50","guid":{"rendered":"https:\/\/solo-musica.de\/?p=16764"},"modified":"2022-10-20T11:39:03","modified_gmt":"2022-10-20T09:39:03","slug":"david-sautter","status":"publish","type":"post","link":"https:\/\/solo-musica.de\/en\/david-sautter\/","title":{"rendered":"David Sautter"},"content":{"rendered":"<p><img loading=\"lazy\" decoding=\"async\" class=\"alignleft wp-image-16766 size-medium\" src=\"https:\/\/solo-musica.de\/wp-content\/uploads\/2022\/10\/David-Sautter-200x300.jpg\" alt=\"\" width=\"200\" height=\"300\" srcset=\"https:\/\/solo-musica.de\/wp-content\/uploads\/2022\/10\/David-Sautter-200x300.jpg 200w, https:\/\/solo-musica.de\/wp-content\/uploads\/2022\/10\/David-Sautter.jpg 400w\" sizes=\"(max-width: 200px) 100vw, 200px\" \/>Aufgewachsen in Z\u00fcrich.<br \/>\nLehrdiplom am Konservatorium Z\u00fcrich bei Walter Feybli.<br \/>\nSolistendiplom an der Musikakademie Basel bei Oscar Ghiglia.<br \/>\nStipendium f\u00fcr ein Jahr am Schweizer Institut in Rom f\u00fcr die Erforschung des s\u00fcditalienischen Volksliedgutes.<br \/>\nSeit \u00fcber 30 Jahren Zusammenarbeit mit der S\u00e4ngerin Letizia Fiorenza (I Cantimbanchi ).<br \/>\nArbeitet als Gitarrist, Arrangeur und Komponist.<br \/>\nSeit 1988 Mitglied des <a href=\"https:\/\/solo-musica.de\/eos-guitar-quartet\/\">Eos Guitar Quartet<\/a>. Zahlreiche Konzerte damit an renommierten Konzertorten und internationalen Festivals.<\/p>\n<p>Auszeichnungen<br \/>\n\u2022 2000 \u00abGoldigs Chr\u00f6nli\u00bb f\u00fcr die Kinderproduktion \u00abAdelheid oder Lieder f\u00fcr Chind und Chindsch\u00f6pf\u00bb<br \/>\n\u2022 2003 Kulturf\u00f6rderpreis der Stadt Uster f\u00fcr \u00abmust\u00bb<br \/>\n\u2022 2004 Werkbeitrag der \u00abCassinelli-Vogel-Stiftung\u00bb f\u00fcr den \u00ablangj\u00e4hrigen k\u00fcnstlerischen Einsatz f\u00fcr die s\u00fcditalienische Volksmusik\u00bb<br \/>\n\u2022 2009 Eos Guitar Quartet erh\u00e4lt den Kulturpreis der Stadt Uster<br \/>\n\u2022 2020 Eos Guitar Quartet erh\u00e4lt das Werkjahr f\u00fcr Interpretation der Stadt Z\u00fcrich<\/p>\n<p><a href=\"https:\/\/www.david-sautter.com\/\">www.david-sautter.com<\/a><\/p>\n<h3>Diskographie<\/h3>\n<p><a href=\"https:\/\/solo-musica.de\/david-sautter-murat-cevic-the-wonderful-world-of-nino-rota\/\"><img loading=\"lazy\" decoding=\"async\" class=\"alignleft size-full wp-image-16277\" src=\"https:\/\/solo-musica.de\/wp-content\/uploads\/2022\/08\/7640123420175_Frontcover_300-1.jpg\" alt=\"\" width=\"300\" height=\"300\" srcset=\"https:\/\/solo-musica.de\/wp-content\/uploads\/2022\/08\/7640123420175_Frontcover_300-1.jpg 300w, https:\/\/solo-musica.de\/wp-content\/uploads\/2022\/08\/7640123420175_Frontcover_300-1-150x150.jpg 150w\" sizes=\"(max-width: 300px) 100vw, 300px\" \/><\/a><a href=\"https:\/\/solo-musica.de\/eos-guitar-quartet-a-tribute-to-paco\/\"><img loading=\"lazy\" decoding=\"async\" class=\"size-medium wp-image-13843 alignnone\" src=\"https:\/\/solo-musica.de\/wp-content\/uploads\/2021\/06\/Paco-01-300x300.png\" alt=\"\" width=\"300\" height=\"300\" srcset=\"https:\/\/solo-musica.de\/wp-content\/uploads\/2021\/06\/Paco-01-300x300.png 300w, https:\/\/solo-musica.de\/wp-content\/uploads\/2021\/06\/Paco-01-150x150.png 150w, https:\/\/solo-musica.de\/wp-content\/uploads\/2021\/06\/Paco-01.png 755w\" sizes=\"(max-width: 300px) 100vw, 300px\" \/><\/a><\/p>\n","protected":false},"excerpt":{"rendered":"<p>Aufgewachsen in Z\u00fcrich. Lehrdiplom am Konservatorium Z\u00fcrich bei Walter Feybli. Solistendiplom an der Musikakademie Basel bei Oscar Ghiglia. Stipendium f\u00fcr ein Jahr am Schweizer Institut in Rom f\u00fcr die Erforschung des s\u00fcditalienischen Volksliedgutes. Seit \u00fcber 30 Jahren Zusammenarbeit mit der S\u00e4ngerin Letizia Fiorenza (I Cantimbanchi ). Arbeitet als Gitarrist, Arrangeur und Komponist. Seit 1988 Mitglied [&hellip;]<\/p>\n","protected":false},"author":1,"featured_media":16766,"comment_status":"closed","ping_status":"closed","sticky":false,"template":"","format":"standard","meta":{"footnotes":""},"categories":[12],"tags":[],"class_list":["post-16764","post","type-post","status-publish","format-standard","has-post-thumbnail","hentry","category-artist"],"translation":{"provider":"WPGlobus","version":"3.0.2","language":"en","enabled_languages":["de","en"],"languages":{"de":{"title":true,"content":true,"excerpt":false},"en":{"title":false,"content":false,"excerpt":false}}},"yoast_head":"<!-- This site is optimized with the Yoast SEO plugin v27.5 - https:\/\/yoast.com\/product\/yoast-seo-wordpress\/ -->\n<title>David Sautter - Deutsch<\/title>\n<meta name=\"robots\" content=\"index, follow, max-snippet:-1, max-image-preview:large, max-video-preview:-1\" \/>\n<link rel=\"canonical\" href=\"https:\/\/solo-musica.de\/david-sautter\/\" \/>\n<meta property=\"og:locale\" content=\"en_US\" \/>\n<meta property=\"og:type\" content=\"article\" \/>\n<meta property=\"og:title\" content=\"David Sautter - Deutsch\" \/>\n<meta property=\"og:url\" content=\"https:\/\/solo-musica.de\/david-sautter\/\" \/>\n<meta property=\"og:site_name\" content=\"Deutsch\" \/>\n<meta property=\"article:published_time\" content=\"2022-10-20T09:29:50+00:00\" \/>\n<meta property=\"article:modified_time\" content=\"2022-10-20T09:39:03+00:00\" \/>\n<meta property=\"og:image\" content=\"https:\/\/solo-musica.de\/wp-content\/uploads\/2022\/10\/David-Sautter.jpg\" \/>\n\t<meta property=\"og:image:width\" content=\"400\" \/>\n\t<meta property=\"og:image:height\" content=\"600\" \/>\n\t<meta property=\"og:image:type\" content=\"image\/jpeg\" \/>\n<meta name=\"author\" content=\"Solo Musica\" \/>\n<meta name=\"twitter:card\" content=\"summary_large_image\" \/>\n<meta name=\"twitter:label1\" content=\"Written by\" \/>\n\t<meta name=\"twitter:data1\" content=\"Solo Musica\" \/>\n\t<meta name=\"twitter:label2\" content=\"Est. reading time\" \/>\n\t<meta name=\"twitter:data2\" content=\"2 minutes\" \/>\n<script type=\"application\/ld+json\" class=\"yoast-schema-graph\">{\"@context\":\"https:\\\/\\\/schema.org\",\"@graph\":[{\"@type\":\"Article\",\"@id\":\"https:\\\/\\\/solo-musica.de\\\/david-sautter\\\/#article\",\"isPartOf\":{\"@id\":\"https:\\\/\\\/solo-musica.de\\\/david-sautter\\\/\"},\"author\":{\"name\":\"Solo Musica\",\"@id\":\"https:\\\/\\\/solo-musica.de\\\/#\\\/schema\\\/person\\\/cd4b9a18e91239c483d3175e57608de2\"},\"headline\":\"David Sautter\",\"datePublished\":\"2022-10-20T09:29:50+00:00\",\"dateModified\":\"2022-10-20T09:39:03+00:00\",\"mainEntityOfPage\":{\"@id\":\"https:\\\/\\\/solo-musica.de\\\/david-sautter\\\/\"},\"wordCount\":143,\"publisher\":{\"@id\":\"https:\\\/\\\/solo-musica.de\\\/#organization\"},\"image\":{\"@id\":\"https:\\\/\\\/solo-musica.de\\\/david-sautter\\\/#primaryimage\"},\"thumbnailUrl\":\"https:\\\/\\\/solo-musica.de\\\/wp-content\\\/uploads\\\/2022\\\/10\\\/David-Sautter.jpg\",\"articleSection\":[\"Artist\"],\"inLanguage\":\"en-US\"},{\"@type\":\"WebPage\",\"@id\":\"https:\\\/\\\/solo-musica.de\\\/david-sautter\\\/\",\"url\":\"https:\\\/\\\/solo-musica.de\\\/david-sautter\\\/\",\"name\":\"David Sautter - Deutsch\",\"isPartOf\":{\"@id\":\"https:\\\/\\\/solo-musica.de\\\/#website\"},\"primaryImageOfPage\":{\"@id\":\"https:\\\/\\\/solo-musica.de\\\/david-sautter\\\/#primaryimage\"},\"image\":{\"@id\":\"https:\\\/\\\/solo-musica.de\\\/david-sautter\\\/#primaryimage\"},\"thumbnailUrl\":\"https:\\\/\\\/solo-musica.de\\\/wp-content\\\/uploads\\\/2022\\\/10\\\/David-Sautter.jpg\",\"datePublished\":\"2022-10-20T09:29:50+00:00\",\"dateModified\":\"2022-10-20T09:39:03+00:00\",\"breadcrumb\":{\"@id\":\"https:\\\/\\\/solo-musica.de\\\/david-sautter\\\/#breadcrumb\"},\"inLanguage\":\"en-US\",\"potentialAction\":[{\"@type\":\"ReadAction\",\"target\":[\"https:\\\/\\\/solo-musica.de\\\/david-sautter\\\/\"]}]},{\"@type\":\"ImageObject\",\"inLanguage\":\"en-US\",\"@id\":\"https:\\\/\\\/solo-musica.de\\\/david-sautter\\\/#primaryimage\",\"url\":\"https:\\\/\\\/solo-musica.de\\\/wp-content\\\/uploads\\\/2022\\\/10\\\/David-Sautter.jpg\",\"contentUrl\":\"https:\\\/\\\/solo-musica.de\\\/wp-content\\\/uploads\\\/2022\\\/10\\\/David-Sautter.jpg\",\"width\":400,\"height\":600,\"caption\":\"Letizia Fiorenza \\\/ David Sautter \\\/ Michael Winkler \\\/ Karin Birkmeier Andreas Pantli \\\/ Krystyna Zbojnowicz \\\/ Benjamin Scheck \\\/ Jacqueline Oesch Naomi Nakayama \\\/ Nina Widmer \\\/ Stefan Schaettin\"},{\"@type\":\"BreadcrumbList\",\"@id\":\"https:\\\/\\\/solo-musica.de\\\/david-sautter\\\/#breadcrumb\",\"itemListElement\":[{\"@type\":\"ListItem\",\"position\":1,\"name\":\"Startseite\",\"item\":\"https:\\\/\\\/solo-musica.de\\\/\"},{\"@type\":\"ListItem\",\"position\":2,\"name\":\"David Sautter\"}]},{\"@type\":\"WebSite\",\"@id\":\"https:\\\/\\\/solo-musica.de\\\/#website\",\"url\":\"https:\\\/\\\/solo-musica.de\\\/\",\"name\":\"Deutsch\",\"description\":\"ARTIST FIRST!\",\"publisher\":{\"@id\":\"https:\\\/\\\/solo-musica.de\\\/#organization\"},\"potentialAction\":[{\"@type\":\"SearchAction\",\"target\":{\"@type\":\"EntryPoint\",\"urlTemplate\":\"https:\\\/\\\/solo-musica.de\\\/?s={search_term_string}\"},\"query-input\":{\"@type\":\"PropertyValueSpecification\",\"valueRequired\":true,\"valueName\":\"search_term_string\"}}],\"inLanguage\":\"en-US\"},{\"@type\":\"Organization\",\"@id\":\"https:\\\/\\\/solo-musica.de\\\/#organization\",\"name\":\"Deutsch\",\"url\":\"https:\\\/\\\/solo-musica.de\\\/\",\"logo\":{\"@type\":\"ImageObject\",\"inLanguage\":\"en-US\",\"@id\":\"https:\\\/\\\/solo-musica.de\\\/#\\\/schema\\\/logo\\\/image\\\/\",\"url\":\"https:\\\/\\\/solo-musica.de\\\/wp-content\\\/uploads\\\/2020\\\/12\\\/logo-180.png\",\"contentUrl\":\"https:\\\/\\\/solo-musica.de\\\/wp-content\\\/uploads\\\/2020\\\/12\\\/logo-180.png\",\"width\":180,\"height\":180,\"caption\":\"Deutsch\"},\"image\":{\"@id\":\"https:\\\/\\\/solo-musica.de\\\/#\\\/schema\\\/logo\\\/image\\\/\"}},{\"@type\":\"Person\",\"@id\":\"https:\\\/\\\/solo-musica.de\\\/#\\\/schema\\\/person\\\/cd4b9a18e91239c483d3175e57608de2\",\"name\":\"Solo Musica\",\"sameAs\":[\"https:\\\/\\\/test.solo-musica.de\\\/pro\"]}]}<\/script>\n<!-- \/ Yoast SEO plugin. -->","yoast_head_json":{"title":"David Sautter - Deutsch","robots":{"index":"index","follow":"follow","max-snippet":"max-snippet:-1","max-image-preview":"max-image-preview:large","max-video-preview":"max-video-preview:-1"},"canonical":"https:\/\/solo-musica.de\/david-sautter\/","og_locale":"en_US","og_type":"article","og_title":"David Sautter - Deutsch","og_url":"https:\/\/solo-musica.de\/david-sautter\/","og_site_name":"Deutsch","article_published_time":"2022-10-20T09:29:50+00:00","article_modified_time":"2022-10-20T09:39:03+00:00","og_image":[{"width":400,"height":600,"url":"https:\/\/solo-musica.de\/wp-content\/uploads\/2022\/10\/David-Sautter.jpg","type":"image\/jpeg"}],"author":"Solo Musica","twitter_card":"summary_large_image","twitter_misc":{"Written by":"Solo Musica","Est. reading time":"2 minutes"},"schema":{"@context":"https:\/\/schema.org","@graph":[{"@type":"Article","@id":"https:\/\/solo-musica.de\/david-sautter\/#article","isPartOf":{"@id":"https:\/\/solo-musica.de\/david-sautter\/"},"author":{"name":"Solo Musica","@id":"https:\/\/solo-musica.de\/#\/schema\/person\/cd4b9a18e91239c483d3175e57608de2"},"headline":"David Sautter","datePublished":"2022-10-20T09:29:50+00:00","dateModified":"2022-10-20T09:39:03+00:00","mainEntityOfPage":{"@id":"https:\/\/solo-musica.de\/david-sautter\/"},"wordCount":143,"publisher":{"@id":"https:\/\/solo-musica.de\/#organization"},"image":{"@id":"https:\/\/solo-musica.de\/david-sautter\/#primaryimage"},"thumbnailUrl":"https:\/\/solo-musica.de\/wp-content\/uploads\/2022\/10\/David-Sautter.jpg","articleSection":["Artist"],"inLanguage":"en-US"},{"@type":"WebPage","@id":"https:\/\/solo-musica.de\/david-sautter\/","url":"https:\/\/solo-musica.de\/david-sautter\/","name":"David Sautter - Deutsch","isPartOf":{"@id":"https:\/\/solo-musica.de\/#website"},"primaryImageOfPage":{"@id":"https:\/\/solo-musica.de\/david-sautter\/#primaryimage"},"image":{"@id":"https:\/\/solo-musica.de\/david-sautter\/#primaryimage"},"thumbnailUrl":"https:\/\/solo-musica.de\/wp-content\/uploads\/2022\/10\/David-Sautter.jpg","datePublished":"2022-10-20T09:29:50+00:00","dateModified":"2022-10-20T09:39:03+00:00","breadcrumb":{"@id":"https:\/\/solo-musica.de\/david-sautter\/#breadcrumb"},"inLanguage":"en-US","potentialAction":[{"@type":"ReadAction","target":["https:\/\/solo-musica.de\/david-sautter\/"]}]},{"@type":"ImageObject","inLanguage":"en-US","@id":"https:\/\/solo-musica.de\/david-sautter\/#primaryimage","url":"https:\/\/solo-musica.de\/wp-content\/uploads\/2022\/10\/David-Sautter.jpg","contentUrl":"https:\/\/solo-musica.de\/wp-content\/uploads\/2022\/10\/David-Sautter.jpg","width":400,"height":600,"caption":"Letizia Fiorenza \/ David Sautter \/ Michael Winkler \/ Karin Birkmeier Andreas Pantli \/ Krystyna Zbojnowicz \/ Benjamin Scheck \/ Jacqueline Oesch Naomi Nakayama \/ Nina Widmer \/ Stefan Schaettin"},{"@type":"BreadcrumbList","@id":"https:\/\/solo-musica.de\/david-sautter\/#breadcrumb","itemListElement":[{"@type":"ListItem","position":1,"name":"Startseite","item":"https:\/\/solo-musica.de\/"},{"@type":"ListItem","position":2,"name":"David Sautter"}]},{"@type":"WebSite","@id":"https:\/\/solo-musica.de\/#website","url":"https:\/\/solo-musica.de\/","name":"Deutsch","description":"ARTIST FIRST!","publisher":{"@id":"https:\/\/solo-musica.de\/#organization"},"potentialAction":[{"@type":"SearchAction","target":{"@type":"EntryPoint","urlTemplate":"https:\/\/solo-musica.de\/?s={search_term_string}"},"query-input":{"@type":"PropertyValueSpecification","valueRequired":true,"valueName":"search_term_string"}}],"inLanguage":"en-US"},{"@type":"Organization","@id":"https:\/\/solo-musica.de\/#organization","name":"Deutsch","url":"https:\/\/solo-musica.de\/","logo":{"@type":"ImageObject","inLanguage":"en-US","@id":"https:\/\/solo-musica.de\/#\/schema\/logo\/image\/","url":"https:\/\/solo-musica.de\/wp-content\/uploads\/2020\/12\/logo-180.png","contentUrl":"https:\/\/solo-musica.de\/wp-content\/uploads\/2020\/12\/logo-180.png","width":180,"height":180,"caption":"Deutsch"},"image":{"@id":"https:\/\/solo-musica.de\/#\/schema\/logo\/image\/"}},{"@type":"Person","@id":"https:\/\/solo-musica.de\/#\/schema\/person\/cd4b9a18e91239c483d3175e57608de2","name":"Solo Musica","sameAs":["https:\/\/test.solo-musica.de\/pro"]}]}},"_links":{"self":[{"href":"https:\/\/solo-musica.de\/en\/wp-json\/wp\/v2\/posts\/16764","targetHints":{"allow":["GET"]}}],"collection":[{"href":"https:\/\/solo-musica.de\/en\/wp-json\/wp\/v2\/posts"}],"about":[{"href":"https:\/\/solo-musica.de\/en\/wp-json\/wp\/v2\/types\/post"}],"author":[{"embeddable":true,"href":"https:\/\/solo-musica.de\/en\/wp-json\/wp\/v2\/users\/1"}],"replies":[{"embeddable":true,"href":"https:\/\/solo-musica.de\/en\/wp-json\/wp\/v2\/comments?post=16764"}],"version-history":[{"count":6,"href":"https:\/\/solo-musica.de\/en\/wp-json\/wp\/v2\/posts\/16764\/revisions"}],"predecessor-version":[{"id":16774,"href":"https:\/\/solo-musica.de\/en\/wp-json\/wp\/v2\/posts\/16764\/revisions\/16774"}],"wp:featuredmedia":[{"embeddable":true,"href":"https:\/\/solo-musica.de\/en\/wp-json\/wp\/v2\/media\/16766"}],"wp:attachment":[{"href":"https:\/\/solo-musica.de\/en\/wp-json\/wp\/v2\/media?parent=16764"}],"wp:term":[{"taxonomy":"category","embeddable":true,"href":"https:\/\/solo-musica.de\/en\/wp-json\/wp\/v2\/categories?post=16764"},{"taxonomy":"post_tag","embeddable":true,"href":"https:\/\/solo-musica.de\/en\/wp-json\/wp\/v2\/tags?post=16764"}],"curies":[{"name":"wp","href":"https:\/\/api.w.org\/{rel}","templated":true}]}}