{"id":13758,"date":"2021-07-26T20:15:11","date_gmt":"2021-07-26T18:15:11","guid":{"rendered":"https:\/\/solo-musica.de\/?p=13758"},"modified":"2021-09-29T17:22:58","modified_gmt":"2021-09-29T15:22:58","slug":"newsletter-solo-musica-juli-2021","status":"publish","type":"post","link":"https:\/\/solo-musica.de\/en\/newsletter-solo-musica-juli-2021\/","title":{"rendered":"Newsletter Solo Musica Juli 2021"},"content":{"rendered":"<h1><img loading=\"lazy\" decoding=\"async\" class=\"alignleft wp-image-10526\" src=\"https:\/\/solo-musica.de\/wp-content\/uploads\/2020\/11\/Logo-big-grau.png\" alt=\"\" width=\"217\" height=\"69\" \/><\/h1>\n<h1>Newsletter Juli 2021<\/h1>\n<h4><\/h4>\n<h3><img loading=\"lazy\" decoding=\"async\" class=\"alignleft size-full wp-image-1046\" src=\"https:\/\/solo-musica.de\/wp-content\/uploads\/2017\/11\/Petersen-1.jpg\" alt=\"\" width=\"250\" height=\"352\" srcset=\"https:\/\/solo-musica.de\/wp-content\/uploads\/2017\/11\/Petersen-1.jpg 250w, https:\/\/solo-musica.de\/wp-content\/uploads\/2017\/11\/Petersen-1-213x300.jpg 213w\" sizes=\"(max-width: 250px) 100vw, 250px\" \/>Marlis Petersen erh\u00e4lt den Ehrentitel &#8220;Bayerische Kammers\u00e4ngerin&#8221;<\/h3>\n<p>Die Solo Musica-K\u00fcnstlerin <a href=\"https:\/\/solo-musica.de\/marlis-petersen\/\">Marlis Petersen<\/a> wird zur &#8220;Bayerischen Kammers\u00e4ngerin&#8221; ernannt. Der Titel wird seit 1955 f\u00fcr herausragende k\u00fcnstlerische Leistungen durch das Bayerische Kultusministerium verliehen. Der ehrenvolle Titel wird ihr am 28. Juli 2021 nach der Vorstellung von &#8216;Salome&#8217; an der Bayerischen Staatsoper M\u00fcnchen \u00fcberreicht. Wir gratulieren ganz herzlich!<\/p>\n<p>Die Innenwelt-Trilogie und die Box mit dem Gesamtzyklus samt Bonus-CD sind eines der spannendsten Projekte der Klassikwelt der letzten Jahre. Marlis Petersen hat einen tief ber\u00fchrenden Liederzyklus geschaffen, der die vielschichtigen Dimensionen Mensch &amp; Lied &#8211; Welt &#8211; Anderswelt &#8211; Innenwelt &#8211; aufgreift und in einmaliger Form auf CD bringt.<\/p>\n<h3>Discographie<\/h3>\n<div style=\"clear: both;\">\n<div><\/div>\n<h4><\/h4>\n<div class=\"pt-cv-wrapper\"><div class=\"pt-cv-view pt-cv-grid pt-cv-colsys\" id=\"pt-cv-view-10fd6281ty\"><div data-id=\"pt-cv-page-1\" class=\"pt-cv-page\" data-cvc=\"5\"><div class=\"col-md-2 col-sm-6 col-xs-12 pt-cv-content-item pt-cv-1-col\" ><div class='pt-cv-ifield'><a href=\"https:\/\/solo-musica.de\/en\/marlis-petersen-dimensionen-mensch-lied-4-cd-box-2\/\" class=\"_self pt-cv-href-thumbnail pt-cv-thumb-default\" target=\"_self\" ><img loading=\"lazy\" decoding=\"async\" width=\"300\" height=\"300\" src=\"https:\/\/solo-musica.de\/wp-content\/uploads\/2020\/10\/4260123643508_Frontcover_Physical-1-300x300.jpg\" class=\"pt-cv-thumbnail\" alt=\"\" srcset=\"https:\/\/solo-musica.de\/wp-content\/uploads\/2020\/10\/4260123643508_Frontcover_Physical-1-300x300.jpg 300w, https:\/\/solo-musica.de\/wp-content\/uploads\/2020\/10\/4260123643508_Frontcover_Physical-1-150x150.jpg 150w, https:\/\/solo-musica.de\/wp-content\/uploads\/2020\/10\/4260123643508_Frontcover_Physical-1-768x768.jpg 768w, https:\/\/solo-musica.de\/wp-content\/uploads\/2020\/10\/4260123643508_Frontcover_Physical-1.jpg 800w\" sizes=\"(max-width: 300px) 100vw, 300px\" \/><\/a><\/div><\/div>\n<div class=\"col-md-2 col-sm-6 col-xs-12 pt-cv-content-item pt-cv-1-col\" ><div class='pt-cv-ifield'><a href=\"https:\/\/solo-musica.de\/en\/marlis-petersen-neue-welt-bonus-cd-2\/\" class=\"_self pt-cv-href-thumbnail pt-cv-thumb-default\" target=\"_self\" ><img loading=\"lazy\" decoding=\"async\" width=\"300\" height=\"300\" src=\"https:\/\/solo-musica.de\/wp-content\/uploads\/2021\/03\/SM351_cover_front-800-768x768-1-300x300.jpg\" class=\"pt-cv-thumbnail\" alt=\"\" srcset=\"https:\/\/solo-musica.de\/wp-content\/uploads\/2021\/03\/SM351_cover_front-800-768x768-1-300x300.jpg 300w, https:\/\/solo-musica.de\/wp-content\/uploads\/2021\/03\/SM351_cover_front-800-768x768-1-150x150.jpg 150w, https:\/\/solo-musica.de\/wp-content\/uploads\/2021\/03\/SM351_cover_front-800-768x768-1.jpg 768w\" sizes=\"(max-width: 300px) 100vw, 300px\" \/><\/a><\/div><\/div>\n<div class=\"col-md-2 col-sm-6 col-xs-12 pt-cv-content-item pt-cv-1-col\" ><div class='pt-cv-ifield'><a href=\"https:\/\/solo-musica.de\/en\/marlis-petersen-dimensionen-innenwelt\/\" class=\"_self pt-cv-href-thumbnail pt-cv-thumb-default\" target=\"_self\" ><img loading=\"lazy\" decoding=\"async\" width=\"300\" height=\"300\" src=\"https:\/\/solo-musica.de\/wp-content\/uploads\/2019\/09\/Petersen-Innenwelt-Cover-1-300x300.jpg\" class=\"pt-cv-thumbnail\" alt=\"\" srcset=\"https:\/\/solo-musica.de\/wp-content\/uploads\/2019\/09\/Petersen-Innenwelt-Cover-1-300x300.jpg 300w, https:\/\/solo-musica.de\/wp-content\/uploads\/2019\/09\/Petersen-Innenwelt-Cover-1-150x150.jpg 150w, https:\/\/solo-musica.de\/wp-content\/uploads\/2019\/09\/Petersen-Innenwelt-Cover-1-768x768.jpg 768w, https:\/\/solo-musica.de\/wp-content\/uploads\/2019\/09\/Petersen-Innenwelt-Cover-1.jpg 800w\" sizes=\"(max-width: 300px) 100vw, 300px\" \/><\/a><\/div><\/div>\n<div class=\"col-md-2 col-sm-6 col-xs-12 pt-cv-content-item pt-cv-1-col\" ><div class='pt-cv-ifield'><a href=\"https:\/\/solo-musica.de\/en\/marlis-petersen-anderswelt\/\" class=\"_self pt-cv-href-thumbnail pt-cv-thumb-default\" target=\"_self\" ><img loading=\"lazy\" decoding=\"async\" width=\"300\" height=\"300\" src=\"https:\/\/solo-musica.de\/wp-content\/uploads\/2018\/10\/SM294_cover_front_800-1-300x300.jpg\" class=\"pt-cv-thumbnail\" alt=\"\" srcset=\"https:\/\/solo-musica.de\/wp-content\/uploads\/2018\/10\/SM294_cover_front_800-1-300x300.jpg 300w, https:\/\/solo-musica.de\/wp-content\/uploads\/2018\/10\/SM294_cover_front_800-1-150x150.jpg 150w, https:\/\/solo-musica.de\/wp-content\/uploads\/2018\/10\/SM294_cover_front_800-1-768x768.jpg 768w, https:\/\/solo-musica.de\/wp-content\/uploads\/2018\/10\/SM294_cover_front_800-1.jpg 800w\" sizes=\"(max-width: 300px) 100vw, 300px\" \/><\/a><\/div><\/div>\n<div class=\"col-md-4 col-sm-6 col-xs-12 pt-cv-content-item pt-cv-1-col\" ><div class='pt-cv-ifield'><a href=\"https:\/\/solo-musica.de\/en\/marlis-petersen-welt\/\" class=\"_self pt-cv-href-thumbnail pt-cv-thumb-default\" target=\"_self\" ><img loading=\"lazy\" decoding=\"async\" width=\"300\" height=\"300\" src=\"https:\/\/solo-musica.de\/wp-content\/uploads\/2017\/10\/SM274_Cover_front-1-300x300.jpg\" class=\"pt-cv-thumbnail\" alt=\"\" srcset=\"https:\/\/solo-musica.de\/wp-content\/uploads\/2017\/10\/SM274_Cover_front-1-300x300.jpg 300w, https:\/\/solo-musica.de\/wp-content\/uploads\/2017\/10\/SM274_Cover_front-1-150x150.jpg 150w, https:\/\/solo-musica.de\/wp-content\/uploads\/2017\/10\/SM274_Cover_front-1.jpg 446w\" sizes=\"(max-width: 300px) 100vw, 300px\" \/><\/a><\/div><\/div><\/div><\/div><\/div>\n<div style=\"clear: both;\">\n<hr \/>\n<h3>Neuerscheinungen<\/h3>\n<p>Im Juni \/ Juli 2021 haben wir drei spannende CDs neu im Programm:<\/p>\n<p><a href=\"https:\/\/solo-musica.de\/seung-yeun-huh-robert-schumann\/\"><img loading=\"lazy\" decoding=\"async\" class=\"alignleft size-medium wp-image-13195\" src=\"https:\/\/solo-musica.de\/wp-content\/uploads\/2021\/05\/SM365_Cover-300x300.jpg\" alt=\"\" width=\"300\" height=\"300\" srcset=\"https:\/\/solo-musica.de\/wp-content\/uploads\/2021\/05\/SM365_Cover-300x300.jpg 300w, https:\/\/solo-musica.de\/wp-content\/uploads\/2021\/05\/SM365_Cover-150x150.jpg 150w, https:\/\/solo-musica.de\/wp-content\/uploads\/2021\/05\/SM365_Cover-768x768.jpg 768w, https:\/\/solo-musica.de\/wp-content\/uploads\/2021\/05\/SM365_Cover-1536x1536.jpg 1536w, https:\/\/solo-musica.de\/wp-content\/uploads\/2021\/05\/SM365_Cover-2048x2048.jpg 2048w\" sizes=\"(max-width: 300px) 100vw, 300px\" \/><\/a><a href=\"https:\/\/solo-musica.de\/elmira-darvarova-vassily-lobanov-masterpieces\/\"><img loading=\"lazy\" decoding=\"async\" class=\"alignleft size-medium wp-image-13220\" src=\"https:\/\/solo-musica.de\/wp-content\/uploads\/2021\/05\/SM367_Cover-300x300.jpg\" alt=\"\" width=\"300\" height=\"300\" srcset=\"https:\/\/solo-musica.de\/wp-content\/uploads\/2021\/05\/SM367_Cover-300x300.jpg 300w, https:\/\/solo-musica.de\/wp-content\/uploads\/2021\/05\/SM367_Cover-150x150.jpg 150w, https:\/\/solo-musica.de\/wp-content\/uploads\/2021\/05\/SM367_Cover-768x768.jpg 768w, https:\/\/solo-musica.de\/wp-content\/uploads\/2021\/05\/SM367_Cover-1536x1536.jpg 1536w, https:\/\/solo-musica.de\/wp-content\/uploads\/2021\/05\/SM367_Cover-2048x2048.jpg 2048w\" sizes=\"(max-width: 300px) 100vw, 300px\" \/><\/a> <a href=\"https:\/\/solo-musica.de\/iuga-triendl-schubert-weinberg-levitin-und-hindemith\/\"><img loading=\"lazy\" decoding=\"async\" class=\"alignleft size-medium wp-image-13272\" src=\"https:\/\/solo-musica.de\/wp-content\/uploads\/2021\/05\/SM342-Cover-300x300.jpg\" alt=\"\" width=\"300\" height=\"300\" srcset=\"https:\/\/solo-musica.de\/wp-content\/uploads\/2021\/05\/SM342-Cover-300x300.jpg 300w, https:\/\/solo-musica.de\/wp-content\/uploads\/2021\/05\/SM342-Cover-150x150.jpg 150w, https:\/\/solo-musica.de\/wp-content\/uploads\/2021\/05\/SM342-Cover-768x768.jpg 768w, https:\/\/solo-musica.de\/wp-content\/uploads\/2021\/05\/SM342-Cover-1536x1536.jpg 1536w, https:\/\/solo-musica.de\/wp-content\/uploads\/2021\/05\/SM342-Cover-2048x2048.jpg 2048w\" sizes=\"(max-width: 300px) 100vw, 300px\" \/><\/a><\/p>\n<div><\/div>\n<div><\/div>\n<div style=\"clear: both;\">\n<div><\/div>\n<div><\/div>\n<hr \/>\n<p>alle Titel finden Sie im <a href=\"https:\/\/shop.solo-musica.de\/\">Solo Musica-Shop<\/a><\/p>\n<div style=\"clear: both;\">\n<hr \/>\n<h3>Vorschau Sommer 2021<\/h3>\n<p><span style=\"color: #6c6d74;\">Freuen Sie sich auf unsere Neuerscheinungen \u2013 Details im n\u00e4chsten Newsletter!<\/span><\/p>\n<p><img loading=\"lazy\" decoding=\"async\" class=\"alignleft size-medium wp-image-13422\" src=\"https:\/\/solo-musica.de\/wp-content\/uploads\/2021\/06\/SM349-Cover-300x300.jpg\" alt=\"\" width=\"300\" height=\"300\" srcset=\"https:\/\/solo-musica.de\/wp-content\/uploads\/2021\/06\/SM349-Cover-300x300.jpg 300w, https:\/\/solo-musica.de\/wp-content\/uploads\/2021\/06\/SM349-Cover-150x150.jpg 150w, https:\/\/solo-musica.de\/wp-content\/uploads\/2021\/06\/SM349-Cover-768x768.jpg 768w, https:\/\/solo-musica.de\/wp-content\/uploads\/2021\/06\/SM349-Cover-1536x1536.jpg 1536w, https:\/\/solo-musica.de\/wp-content\/uploads\/2021\/06\/SM349-Cover-2048x2048.jpg 2048w\" sizes=\"(max-width: 300px) 100vw, 300px\" \/> <img loading=\"lazy\" decoding=\"async\" class=\"alignleft wp-image-13493 size-medium\" src=\"https:\/\/solo-musica.de\/wp-content\/uploads\/2021\/06\/SM379-Cover-300x300.jpg\" alt=\"\" width=\"300\" height=\"300\" srcset=\"https:\/\/solo-musica.de\/wp-content\/uploads\/2021\/06\/SM379-Cover-300x300.jpg 300w, https:\/\/solo-musica.de\/wp-content\/uploads\/2021\/06\/SM379-Cover-150x150.jpg 150w, https:\/\/solo-musica.de\/wp-content\/uploads\/2021\/06\/SM379-Cover-768x768.jpg 768w, https:\/\/solo-musica.de\/wp-content\/uploads\/2021\/06\/SM379-Cover-1536x1536.jpg 1536w, https:\/\/solo-musica.de\/wp-content\/uploads\/2021\/06\/SM379-Cover-2048x2048.jpg 2048w\" sizes=\"(max-width: 300px) 100vw, 300px\" \/> <img loading=\"lazy\" decoding=\"async\" class=\"alignleft wp-image-13544 size-medium\" src=\"https:\/\/solo-musica.de\/wp-content\/uploads\/2021\/06\/SM353-Cover-300x300.jpg\" alt=\"\" width=\"300\" height=\"300\" srcset=\"https:\/\/solo-musica.de\/wp-content\/uploads\/2021\/06\/SM353-Cover-300x300.jpg 300w, https:\/\/solo-musica.de\/wp-content\/uploads\/2021\/06\/SM353-Cover-150x150.jpg 150w, https:\/\/solo-musica.de\/wp-content\/uploads\/2021\/06\/SM353-Cover-768x768.jpg 768w, https:\/\/solo-musica.de\/wp-content\/uploads\/2021\/06\/SM353-Cover-1536x1536.jpg 1536w, https:\/\/solo-musica.de\/wp-content\/uploads\/2021\/06\/SM353-Cover-2048x2048.jpg 2048w\" sizes=\"(max-width: 300px) 100vw, 300px\" \/><\/p>\n<div style=\"clear: both;\">\n<div>\n<hr \/>\n<\/div>\n<div><\/div>\n<div>Wir w\u00fcnschen Ihnen viel Freude beim H\u00f6ren!<\/div>\n<\/div>\n<\/div>\n<\/div>\n<\/div>\n<\/div>\n<p><a href=\"https:\/\/solo-musica.de\/newsletter\/\">Zur Newsletter-Anmeldung<\/a><\/p>\n","protected":false},"excerpt":{"rendered":"<p>Newsletter Juli 2021 Marlis Petersen erh\u00e4lt den Ehrentitel &#8220;Bayerische Kammers\u00e4ngerin&#8221; Die Solo Musica-K\u00fcnstlerin Marlis Petersen wird zur &#8220;Bayerischen Kammers\u00e4ngerin&#8221; ernannt. Der Titel wird seit 1955 f\u00fcr herausragende k\u00fcnstlerische Leistungen durch das Bayerische Kultusministerium verliehen. Der ehrenvolle Titel wird ihr am 28. Juli 2021 nach der Vorstellung von &#8216;Salome&#8217; an der Bayerischen Staatsoper M\u00fcnchen \u00fcberreicht. Wir [&hellip;]<\/p>\n","protected":false},"author":2,"featured_media":13865,"comment_status":"closed","ping_status":"closed","sticky":false,"template":"","format":"standard","meta":{"footnotes":""},"categories":[44],"tags":[],"class_list":["post-13758","post","type-post","status-publish","format-standard","has-post-thumbnail","hentry","category-newsletter"],"translation":{"provider":"WPGlobus","version":"3.0.2","language":"en","enabled_languages":["de","en"],"languages":{"de":{"title":true,"content":true,"excerpt":false},"en":{"title":false,"content":false,"excerpt":false}}},"yoast_head":"<!-- This site is optimized with the Yoast SEO plugin v27.5 - https:\/\/yoast.com\/product\/yoast-seo-wordpress\/ -->\n<title>Newsletter Solo Musica Juli 2021 - Deutsch<\/title>\n<meta name=\"robots\" content=\"index, follow, max-snippet:-1, max-image-preview:large, max-video-preview:-1\" \/>\n<link rel=\"canonical\" href=\"https:\/\/solo-musica.de\/en\/newsletter-solo-musica-juli-2021\/\" \/>\n<meta property=\"og:locale\" content=\"en_US\" \/>\n<meta property=\"og:type\" content=\"article\" \/>\n<meta property=\"og:title\" content=\"Newsletter Solo Musica Juli 2021 - Deutsch\" \/>\n<meta property=\"og:url\" content=\"https:\/\/solo-musica.de\/en\/newsletter-solo-musica-juli-2021\/\" \/>\n<meta property=\"og:site_name\" content=\"Deutsch\" \/>\n<meta property=\"article:published_time\" content=\"2021-07-26T18:15:11+00:00\" \/>\n<meta property=\"article:modified_time\" content=\"2021-09-29T15:22:58+00:00\" \/>\n<meta property=\"og:image\" content=\"https:\/\/solo-musica.de\/wp-content\/uploads\/2021\/07\/NL0721.png\" \/>\n\t<meta property=\"og:image:width\" content=\"772\" \/>\n\t<meta property=\"og:image:height\" content=\"531\" \/>\n\t<meta property=\"og:image:type\" content=\"image\/png\" \/>\n<meta name=\"author\" content=\"Solo Musica GmbH\" \/>\n<meta name=\"twitter:card\" content=\"summary_large_image\" \/>\n<meta name=\"twitter:image\" content=\"https:\/\/solo-musica.de\/wp-content\/uploads\/2021\/07\/NL0721.png\" \/>\n<meta name=\"twitter:label1\" content=\"Written by\" \/>\n\t<meta name=\"twitter:data1\" content=\"Solo Musica GmbH\" \/>\n\t<meta name=\"twitter:label2\" content=\"Est. reading time\" \/>\n\t<meta name=\"twitter:data2\" content=\"3 minutes\" \/>\n<script type=\"application\/ld+json\" class=\"yoast-schema-graph\">{\"@context\":\"https:\\\/\\\/schema.org\",\"@graph\":[{\"@type\":\"Article\",\"@id\":\"https:\\\/\\\/solo-musica.de\\\/en\\\/newsletter-solo-musica-juli-2021\\\/#article\",\"isPartOf\":{\"@id\":\"https:\\\/\\\/solo-musica.de\\\/en\\\/newsletter-solo-musica-juli-2021\\\/\"},\"author\":{\"name\":\"Solo Musica GmbH\",\"@id\":\"https:\\\/\\\/solo-musica.de\\\/#\\\/schema\\\/person\\\/acacb6ededb09e2bdd736bb8455222ac\"},\"headline\":\"Newsletter Solo Musica Juli 2021\",\"datePublished\":\"2021-07-26T18:15:11+00:00\",\"dateModified\":\"2021-09-29T15:22:58+00:00\",\"mainEntityOfPage\":{\"@id\":\"https:\\\/\\\/solo-musica.de\\\/en\\\/newsletter-solo-musica-juli-2021\\\/\"},\"wordCount\":165,\"publisher\":{\"@id\":\"https:\\\/\\\/solo-musica.de\\\/#organization\"},\"image\":{\"@id\":\"https:\\\/\\\/solo-musica.de\\\/en\\\/newsletter-solo-musica-juli-2021\\\/#primaryimage\"},\"thumbnailUrl\":\"https:\\\/\\\/solo-musica.de\\\/wp-content\\\/uploads\\\/2021\\\/07\\\/NL0721-1.png\",\"articleSection\":[\"Newsletter\"],\"inLanguage\":\"en-US\"},{\"@type\":\"WebPage\",\"@id\":\"https:\\\/\\\/solo-musica.de\\\/en\\\/newsletter-solo-musica-juli-2021\\\/\",\"url\":\"https:\\\/\\\/solo-musica.de\\\/en\\\/newsletter-solo-musica-juli-2021\\\/\",\"name\":\"Newsletter Solo Musica Juli 2021 - Deutsch\",\"isPartOf\":{\"@id\":\"https:\\\/\\\/solo-musica.de\\\/#website\"},\"primaryImageOfPage\":{\"@id\":\"https:\\\/\\\/solo-musica.de\\\/en\\\/newsletter-solo-musica-juli-2021\\\/#primaryimage\"},\"image\":{\"@id\":\"https:\\\/\\\/solo-musica.de\\\/en\\\/newsletter-solo-musica-juli-2021\\\/#primaryimage\"},\"thumbnailUrl\":\"https:\\\/\\\/solo-musica.de\\\/wp-content\\\/uploads\\\/2021\\\/07\\\/NL0721-1.png\",\"datePublished\":\"2021-07-26T18:15:11+00:00\",\"dateModified\":\"2021-09-29T15:22:58+00:00\",\"description\":\"Marlis Petersen erh\u00e4lt den Ehrentitel \u201cBayerische Kammers\u00e4ngerin\u201d - Neue Ver\u00f6ffentlichungen - Vorschau\",\"breadcrumb\":{\"@id\":\"https:\\\/\\\/solo-musica.de\\\/en\\\/newsletter-solo-musica-juli-2021\\\/#breadcrumb\"},\"inLanguage\":\"en-US\",\"potentialAction\":[{\"@type\":\"ReadAction\",\"target\":[\"https:\\\/\\\/solo-musica.de\\\/en\\\/newsletter-solo-musica-juli-2021\\\/\"]}]},{\"@type\":\"ImageObject\",\"inLanguage\":\"en-US\",\"@id\":\"https:\\\/\\\/solo-musica.de\\\/en\\\/newsletter-solo-musica-juli-2021\\\/#primaryimage\",\"url\":\"https:\\\/\\\/solo-musica.de\\\/wp-content\\\/uploads\\\/2021\\\/07\\\/NL0721-1.png\",\"contentUrl\":\"https:\\\/\\\/solo-musica.de\\\/wp-content\\\/uploads\\\/2021\\\/07\\\/NL0721-1.png\",\"width\":611,\"height\":525},{\"@type\":\"BreadcrumbList\",\"@id\":\"https:\\\/\\\/solo-musica.de\\\/en\\\/newsletter-solo-musica-juli-2021\\\/#breadcrumb\",\"itemListElement\":[{\"@type\":\"ListItem\",\"position\":1,\"name\":\"Startseite\",\"item\":\"https:\\\/\\\/solo-musica.de\\\/\"},{\"@type\":\"ListItem\",\"position\":2,\"name\":\"Newsletter Solo Musica Juli 2021\"}]},{\"@type\":\"WebSite\",\"@id\":\"https:\\\/\\\/solo-musica.de\\\/#website\",\"url\":\"https:\\\/\\\/solo-musica.de\\\/\",\"name\":\"Deutsch\",\"description\":\"ARTIST FIRST!\",\"publisher\":{\"@id\":\"https:\\\/\\\/solo-musica.de\\\/#organization\"},\"potentialAction\":[{\"@type\":\"SearchAction\",\"target\":{\"@type\":\"EntryPoint\",\"urlTemplate\":\"https:\\\/\\\/solo-musica.de\\\/?s={search_term_string}\"},\"query-input\":{\"@type\":\"PropertyValueSpecification\",\"valueRequired\":true,\"valueName\":\"search_term_string\"}}],\"inLanguage\":\"en-US\"},{\"@type\":\"Organization\",\"@id\":\"https:\\\/\\\/solo-musica.de\\\/#organization\",\"name\":\"Deutsch\",\"url\":\"https:\\\/\\\/solo-musica.de\\\/\",\"logo\":{\"@type\":\"ImageObject\",\"inLanguage\":\"en-US\",\"@id\":\"https:\\\/\\\/solo-musica.de\\\/#\\\/schema\\\/logo\\\/image\\\/\",\"url\":\"https:\\\/\\\/solo-musica.de\\\/wp-content\\\/uploads\\\/2020\\\/12\\\/logo-180.png\",\"contentUrl\":\"https:\\\/\\\/solo-musica.de\\\/wp-content\\\/uploads\\\/2020\\\/12\\\/logo-180.png\",\"width\":180,\"height\":180,\"caption\":\"Deutsch\"},\"image\":{\"@id\":\"https:\\\/\\\/solo-musica.de\\\/#\\\/schema\\\/logo\\\/image\\\/\"}},{\"@type\":\"Person\",\"@id\":\"https:\\\/\\\/solo-musica.de\\\/#\\\/schema\\\/person\\\/acacb6ededb09e2bdd736bb8455222ac\",\"name\":\"Solo Musica GmbH\"}]}<\/script>\n<!-- \/ Yoast SEO plugin. -->","yoast_head_json":{"title":"Newsletter Solo Musica Juli 2021 - Deutsch","robots":{"index":"index","follow":"follow","max-snippet":"max-snippet:-1","max-image-preview":"max-image-preview:large","max-video-preview":"max-video-preview:-1"},"canonical":"https:\/\/solo-musica.de\/en\/newsletter-solo-musica-juli-2021\/","og_locale":"en_US","og_type":"article","og_title":"Newsletter Solo Musica Juli 2021 - Deutsch","og_url":"https:\/\/solo-musica.de\/en\/newsletter-solo-musica-juli-2021\/","og_site_name":"Deutsch","article_published_time":"2021-07-26T18:15:11+00:00","article_modified_time":"2021-09-29T15:22:58+00:00","og_image":[{"width":772,"height":531,"url":"https:\/\/solo-musica.de\/wp-content\/uploads\/2021\/07\/NL0721.png","type":"image\/png"}],"author":"Solo Musica GmbH","twitter_card":"summary_large_image","twitter_image":"https:\/\/solo-musica.de\/wp-content\/uploads\/2021\/07\/NL0721.png","twitter_misc":{"Written by":"Solo Musica GmbH","Est. reading time":"3 minutes"},"schema":{"@context":"https:\/\/schema.org","@graph":[{"@type":"Article","@id":"https:\/\/solo-musica.de\/en\/newsletter-solo-musica-juli-2021\/#article","isPartOf":{"@id":"https:\/\/solo-musica.de\/en\/newsletter-solo-musica-juli-2021\/"},"author":{"name":"Solo Musica GmbH","@id":"https:\/\/solo-musica.de\/#\/schema\/person\/acacb6ededb09e2bdd736bb8455222ac"},"headline":"Newsletter Solo Musica Juli 2021","datePublished":"2021-07-26T18:15:11+00:00","dateModified":"2021-09-29T15:22:58+00:00","mainEntityOfPage":{"@id":"https:\/\/solo-musica.de\/en\/newsletter-solo-musica-juli-2021\/"},"wordCount":165,"publisher":{"@id":"https:\/\/solo-musica.de\/#organization"},"image":{"@id":"https:\/\/solo-musica.de\/en\/newsletter-solo-musica-juli-2021\/#primaryimage"},"thumbnailUrl":"https:\/\/solo-musica.de\/wp-content\/uploads\/2021\/07\/NL0721-1.png","articleSection":["Newsletter"],"inLanguage":"en-US"},{"@type":"WebPage","@id":"https:\/\/solo-musica.de\/en\/newsletter-solo-musica-juli-2021\/","url":"https:\/\/solo-musica.de\/en\/newsletter-solo-musica-juli-2021\/","name":"Newsletter Solo Musica Juli 2021 - Deutsch","isPartOf":{"@id":"https:\/\/solo-musica.de\/#website"},"primaryImageOfPage":{"@id":"https:\/\/solo-musica.de\/en\/newsletter-solo-musica-juli-2021\/#primaryimage"},"image":{"@id":"https:\/\/solo-musica.de\/en\/newsletter-solo-musica-juli-2021\/#primaryimage"},"thumbnailUrl":"https:\/\/solo-musica.de\/wp-content\/uploads\/2021\/07\/NL0721-1.png","datePublished":"2021-07-26T18:15:11+00:00","dateModified":"2021-09-29T15:22:58+00:00","description":"Marlis Petersen erh\u00e4lt den Ehrentitel \u201cBayerische Kammers\u00e4ngerin\u201d - Neue Ver\u00f6ffentlichungen - Vorschau","breadcrumb":{"@id":"https:\/\/solo-musica.de\/en\/newsletter-solo-musica-juli-2021\/#breadcrumb"},"inLanguage":"en-US","potentialAction":[{"@type":"ReadAction","target":["https:\/\/solo-musica.de\/en\/newsletter-solo-musica-juli-2021\/"]}]},{"@type":"ImageObject","inLanguage":"en-US","@id":"https:\/\/solo-musica.de\/en\/newsletter-solo-musica-juli-2021\/#primaryimage","url":"https:\/\/solo-musica.de\/wp-content\/uploads\/2021\/07\/NL0721-1.png","contentUrl":"https:\/\/solo-musica.de\/wp-content\/uploads\/2021\/07\/NL0721-1.png","width":611,"height":525},{"@type":"BreadcrumbList","@id":"https:\/\/solo-musica.de\/en\/newsletter-solo-musica-juli-2021\/#breadcrumb","itemListElement":[{"@type":"ListItem","position":1,"name":"Startseite","item":"https:\/\/solo-musica.de\/"},{"@type":"ListItem","position":2,"name":"Newsletter Solo Musica Juli 2021"}]},{"@type":"WebSite","@id":"https:\/\/solo-musica.de\/#website","url":"https:\/\/solo-musica.de\/","name":"Deutsch","description":"ARTIST FIRST!","publisher":{"@id":"https:\/\/solo-musica.de\/#organization"},"potentialAction":[{"@type":"SearchAction","target":{"@type":"EntryPoint","urlTemplate":"https:\/\/solo-musica.de\/?s={search_term_string}"},"query-input":{"@type":"PropertyValueSpecification","valueRequired":true,"valueName":"search_term_string"}}],"inLanguage":"en-US"},{"@type":"Organization","@id":"https:\/\/solo-musica.de\/#organization","name":"Deutsch","url":"https:\/\/solo-musica.de\/","logo":{"@type":"ImageObject","inLanguage":"en-US","@id":"https:\/\/solo-musica.de\/#\/schema\/logo\/image\/","url":"https:\/\/solo-musica.de\/wp-content\/uploads\/2020\/12\/logo-180.png","contentUrl":"https:\/\/solo-musica.de\/wp-content\/uploads\/2020\/12\/logo-180.png","width":180,"height":180,"caption":"Deutsch"},"image":{"@id":"https:\/\/solo-musica.de\/#\/schema\/logo\/image\/"}},{"@type":"Person","@id":"https:\/\/solo-musica.de\/#\/schema\/person\/acacb6ededb09e2bdd736bb8455222ac","name":"Solo Musica GmbH"}]}},"_links":{"self":[{"href":"https:\/\/solo-musica.de\/en\/wp-json\/wp\/v2\/posts\/13758","targetHints":{"allow":["GET"]}}],"collection":[{"href":"https:\/\/solo-musica.de\/en\/wp-json\/wp\/v2\/posts"}],"about":[{"href":"https:\/\/solo-musica.de\/en\/wp-json\/wp\/v2\/types\/post"}],"author":[{"embeddable":true,"href":"https:\/\/solo-musica.de\/en\/wp-json\/wp\/v2\/users\/2"}],"replies":[{"embeddable":true,"href":"https:\/\/solo-musica.de\/en\/wp-json\/wp\/v2\/comments?post=13758"}],"version-history":[{"count":31,"href":"https:\/\/solo-musica.de\/en\/wp-json\/wp\/v2\/posts\/13758\/revisions"}],"predecessor-version":[{"id":13860,"href":"https:\/\/solo-musica.de\/en\/wp-json\/wp\/v2\/posts\/13758\/revisions\/13860"}],"wp:featuredmedia":[{"embeddable":true,"href":"https:\/\/solo-musica.de\/en\/wp-json\/wp\/v2\/media\/13865"}],"wp:attachment":[{"href":"https:\/\/solo-musica.de\/en\/wp-json\/wp\/v2\/media?parent=13758"}],"wp:term":[{"taxonomy":"category","embeddable":true,"href":"https:\/\/solo-musica.de\/en\/wp-json\/wp\/v2\/categories?post=13758"},{"taxonomy":"post_tag","embeddable":true,"href":"https:\/\/solo-musica.de\/en\/wp-json\/wp\/v2\/tags?post=13758"}],"curies":[{"name":"wp","href":"https:\/\/api.w.org\/{rel}","templated":true}]}}